{"id":13298,"date":"2023-11-05T12:12:51","date_gmt":"2023-11-05T11:12:51","guid":{"rendered":"https:\/\/www.arcaro.ch\/?p=13298"},"modified":"2023-11-13T10:52:30","modified_gmt":"2023-11-13T09:52:30","slug":"der-schwarzwald-wird-bunt","status":"publish","type":"post","link":"https:\/\/www.arcaro.ch\/?p=13298","title":{"rendered":"Der Schwarzwald wird bunt"},"content":{"rendered":"\t\t<div data-elementor-type=\"wp-post\" data-elementor-id=\"13298\" class=\"elementor elementor-13298\">\n\t\t\t\t\t\t<section class=\"elementor-section elementor-top-section elementor-element elementor-element-73b6124 elementor-section-boxed elementor-section-height-default elementor-section-height-default\" data-id=\"73b6124\" data-element_type=\"section\">\n\t\t\t\t\t\t<div class=\"elementor-container elementor-column-gap-default\">\n\t\t\t\t\t<div class=\"elementor-column elementor-col-100 elementor-top-column elementor-element elementor-element-22372c3\" data-id=\"22372c3\" data-element_type=\"column\">\n\t\t\t<div class=\"elementor-widget-wrap elementor-element-populated\">\n\t\t\t\t\t\t<div class=\"elementor-element elementor-element-3fb8587 elementor-widget elementor-widget-text-editor\" data-id=\"3fb8587\" data-element_type=\"widget\" data-widget_type=\"text-editor.default\">\n\t\t\t\t<div class=\"elementor-widget-container\">\n\t\t\t\t\t\t\t\t\t<p>Nun ist er doch noch gekommen &#8211; der Herbst. Lange wollte sich der Sommer dieses Jahr nicht verabschieden. Wir haben ein paar terminfreie Tage vor uns, so machen wir uns mit unserem Wohnmobil auf Richtung Norden, in den Schwarzwald. Unser erstes Ziel ist Schluchsee mit dem gleichnamigen Campingplatz. Auf der ganzen Fahrt giesst es wie aus K\u00fcbeln. Eigentlich m\u00f6chten wir im Schwarzwald wandern und nicht baden. Der Wetterbericht hat aber f\u00fcr den n\u00e4chsten Tag trockenes und sonniges Wetter voraus gesagt. Wie heisst es so sch\u00f6n, &#8222;die Hoffnung stirbt zuletzt&#8220;.<\/p>\t\t\t\t\t\t\t\t<\/div>\n\t\t\t\t<\/div>\n\t\t\t\t\t<\/div>\n\t\t<\/div>\n\t\t\t\t\t<\/div>\n\t\t<\/section>\n\t\t\t\t<section class=\"elementor-section elementor-top-section elementor-element elementor-element-41f27fd elementor-section-boxed elementor-section-height-default elementor-section-height-default\" data-id=\"41f27fd\" data-element_type=\"section\">\n\t\t\t\t\t\t<div class=\"elementor-container elementor-column-gap-default\">\n\t\t\t\t\t<div class=\"elementor-column elementor-col-100 elementor-top-column elementor-element elementor-element-7c9167e\" data-id=\"7c9167e\" data-element_type=\"column\">\n\t\t\t<div class=\"elementor-widget-wrap elementor-element-populated\">\n\t\t\t\t\t\t<div class=\"elementor-element elementor-element-e7216be elementor-widget elementor-widget-heading\" data-id=\"e7216be\" data-element_type=\"widget\" data-widget_type=\"heading.default\">\n\t\t\t\t<div class=\"elementor-widget-container\">\n\t\t\t\t\t<h4 class=\"elementor-heading-title elementor-size-default\">Wandern auf dem J\u00e4gersteig<\/h4>\t\t\t\t<\/div>\n\t\t\t\t<\/div>\n\t\t\t\t<div class=\"elementor-element elementor-element-cff732e elementor-widget elementor-widget-text-editor\" data-id=\"cff732e\" data-element_type=\"widget\" data-widget_type=\"text-editor.default\">\n\t\t\t\t<div class=\"elementor-widget-container\">\n\t\t\t\t\t\t\t\t\t<p>Der n\u00e4chte Morgen &#8211; die Wetterprognosen waren richtig. Es sind zwar k\u00fchle 10\u00ba C, aber die Sonne scheint. Wir machen uns auf zum &#8222;J\u00e4gersteig&#8220;.<br \/>Der J\u00e4gersteig ist ein Rundwanderweg oberhalb der Ortschaft Schluchsee bis zum kleinen Dorf &#8222;Aha&#8220;, dann am Schluchsee entlang zur\u00fcck zum Ausgangspunkt. Er ist sehr gut ausgeschildert und hat eine L\u00e4nge von ca. 12 km.<\/p>\t\t\t\t\t\t\t\t<\/div>\n\t\t\t\t<\/div>\n\t\t\t\t<div class=\"elementor-element elementor-element-ac0a8b1 elementor-widget elementor-widget-image-gallery\" data-id=\"ac0a8b1\" data-element_type=\"widget\" data-widget_type=\"image-gallery.default\">\n\t\t\t\t<div class=\"elementor-widget-container\">\n\t\t\t\t\t\t\t<div class=\"elementor-image-gallery\">\n\t\t\t\n\t\t<style type=\"text\/css\">\n\t\t\t#gallery-1 {\n\t\t\t\tmargin: auto;\n\t\t\t}\n\t\t\t#gallery-1 .gallery-item {\n\t\t\t\tfloat: left;\n\t\t\t\tmargin-top: 10px;\n\t\t\t\ttext-align: center;\n\t\t\t\twidth: 100%;\n\t\t\t}\n\t\t\t#gallery-1 img {\n\t\t\t\tborder: 2px solid #cfcfcf;\n\t\t\t}\n\t\t\t#gallery-1 .gallery-caption {\n\t\t\t\tmargin-left: 0;\n\t\t\t}\n\t\t\t\/* see gallery_shortcode() in wp-includes\/media.php *\/\n\t\t<\/style>\n\t\t<div id='gallery-1' class='gallery galleryid-13298 gallery-columns-1 gallery-size-thumbnail'><dl class='gallery-item'>\n\t\t\t<dt class='gallery-icon landscape'>\n\t\t\t\t<a data-elementor-open-lightbox=\"yes\" data-elementor-lightbox-slideshow=\"ac0a8b1\" data-elementor-lightbox-title=\"Schwarzwald - J\u00e4gersteig\" data-e-action-hash=\"#elementor-action%3Aaction%3Dlightbox%26settings%3DeyJpZCI6MTMzMTQsInVybCI6Imh0dHBzOlwvXC93d3cuYXJjYXJvLmNoXC93cC1jb250ZW50XC91cGxvYWRzXC8yMDIzXC8xMVwvU2Nod2FyendhbGRfMDcuanBnIiwic2xpZGVzaG93IjoiYWMwYThiMSJ9\" href='https:\/\/www.arcaro.ch\/wp-content\/uploads\/2023\/11\/Schwarzwald_07.jpg'><img decoding=\"async\" width=\"150\" height=\"150\" src=\"https:\/\/www.arcaro.ch\/wp-content\/uploads\/2023\/11\/Schwarzwald_07-150x150.jpg\" class=\"attachment-thumbnail size-thumbnail\" alt=\"\" \/><\/a>\n\t\t\t<\/dt><\/dl><br style=\"clear: both\" \/>\n\t\t<\/div>\n\t\t<\/div>\n\t\t\t\t\t\t<\/div>\n\t\t\t\t<\/div>\n\t\t\t\t\t<\/div>\n\t\t<\/div>\n\t\t\t\t\t<\/div>\n\t\t<\/section>\n\t\t\t\t<section class=\"elementor-section elementor-top-section elementor-element elementor-element-11fa231 elementor-section-boxed elementor-section-height-default elementor-section-height-default\" data-id=\"11fa231\" data-element_type=\"section\">\n\t\t\t\t\t\t<div class=\"elementor-container elementor-column-gap-default\">\n\t\t\t\t\t<div class=\"elementor-column elementor-col-100 elementor-top-column elementor-element elementor-element-b7047c6\" data-id=\"b7047c6\" data-element_type=\"column\">\n\t\t\t<div class=\"elementor-widget-wrap elementor-element-populated\">\n\t\t\t\t\t\t<div class=\"elementor-element elementor-element-bdd2211 elementor-widget elementor-widget-heading\" data-id=\"bdd2211\" data-element_type=\"widget\" data-widget_type=\"heading.default\">\n\t\t\t\t<div class=\"elementor-widget-container\">\n\t\t\t\t\t<h4 class=\"elementor-heading-title elementor-size-default\">Der J\u00e4gersteig<\/h4>\t\t\t\t<\/div>\n\t\t\t\t<\/div>\n\t\t\t\t<div class=\"elementor-element elementor-element-efe24e6 elementor-widget elementor-widget-image-gallery\" data-id=\"efe24e6\" data-element_type=\"widget\" data-widget_type=\"image-gallery.default\">\n\t\t\t\t<div class=\"elementor-widget-container\">\n\t\t\t\t\t\t\t<div class=\"elementor-image-gallery\">\n\t\t\t\n\t\t<style type=\"text\/css\">\n\t\t\t#gallery-2 {\n\t\t\t\tmargin: auto;\n\t\t\t}\n\t\t\t#gallery-2 .gallery-item {\n\t\t\t\tfloat: left;\n\t\t\t\tmargin-top: 10px;\n\t\t\t\ttext-align: center;\n\t\t\t\twidth: 25%;\n\t\t\t}\n\t\t\t#gallery-2 img {\n\t\t\t\tborder: 2px solid #cfcfcf;\n\t\t\t}\n\t\t\t#gallery-2 .gallery-caption {\n\t\t\t\tmargin-left: 0;\n\t\t\t}\n\t\t\t\/* see gallery_shortcode() in wp-includes\/media.php *\/\n\t\t<\/style>\n\t\t<div id='gallery-2' class='gallery galleryid-13298 gallery-columns-4 gallery-size-thumbnail'><dl class='gallery-item'>\n\t\t\t<dt class='gallery-icon landscape'>\n\t\t\t\t<a data-elementor-open-lightbox=\"yes\" data-elementor-lightbox-slideshow=\"efe24e6\" data-elementor-lightbox-title=\"Schwarzwald - J\u00e4gersteig\" data-e-action-hash=\"#elementor-action%3Aaction%3Dlightbox%26settings%3DeyJpZCI6MTMzMjMsInVybCI6Imh0dHBzOlwvXC93d3cuYXJjYXJvLmNoXC93cC1jb250ZW50XC91cGxvYWRzXC8yMDIzXC8xMVwvU2Nod2FyendhbGRfMDYuanBnIiwic2xpZGVzaG93IjoiZWZlMjRlNiJ9\" href='https:\/\/www.arcaro.ch\/wp-content\/uploads\/2023\/11\/Schwarzwald_06.jpg'><img decoding=\"async\" width=\"150\" height=\"150\" src=\"https:\/\/www.arcaro.ch\/wp-content\/uploads\/2023\/11\/Schwarzwald_06-150x150.jpg\" class=\"attachment-thumbnail size-thumbnail\" alt=\"\" \/><\/a>\n\t\t\t<\/dt><\/dl><dl class='gallery-item'>\n\t\t\t<dt class='gallery-icon landscape'>\n\t\t\t\t<a data-elementor-open-lightbox=\"yes\" data-elementor-lightbox-slideshow=\"efe24e6\" data-elementor-lightbox-title=\"Schwarzwald - J\u00e4gersteig\" data-e-action-hash=\"#elementor-action%3Aaction%3Dlightbox%26settings%3DeyJpZCI6MTMzMjUsInVybCI6Imh0dHBzOlwvXC93d3cuYXJjYXJvLmNoXC93cC1jb250ZW50XC91cGxvYWRzXC8yMDIzXC8xMVwvU2Nod2FyendhbGQtSmFlZ2Vyc3RlaWdfMi5qcGciLCJzbGlkZXNob3ciOiJlZmUyNGU2In0%3D\" href='https:\/\/www.arcaro.ch\/wp-content\/uploads\/2023\/11\/Schwarzwald-Jaegersteig_2.jpg'><img decoding=\"async\" width=\"150\" height=\"150\" src=\"https:\/\/www.arcaro.ch\/wp-content\/uploads\/2023\/11\/Schwarzwald-Jaegersteig_2-150x150.jpg\" class=\"attachment-thumbnail size-thumbnail\" alt=\"\" \/><\/a>\n\t\t\t<\/dt><\/dl><dl class='gallery-item'>\n\t\t\t<dt class='gallery-icon landscape'>\n\t\t\t\t<a data-elementor-open-lightbox=\"yes\" data-elementor-lightbox-slideshow=\"efe24e6\" data-elementor-lightbox-title=\"Schwarzwald - J\u00e4gersteig\" data-e-action-hash=\"#elementor-action%3Aaction%3Dlightbox%26settings%3DeyJpZCI6MTMzMjAsInVybCI6Imh0dHBzOlwvXC93d3cuYXJjYXJvLmNoXC93cC1jb250ZW50XC91cGxvYWRzXC8yMDIzXC8xMVwvU2Nod2FyendhbGRfMDMuanBnIiwic2xpZGVzaG93IjoiZWZlMjRlNiJ9\" href='https:\/\/www.arcaro.ch\/wp-content\/uploads\/2023\/11\/Schwarzwald_03.jpg'><img loading=\"lazy\" decoding=\"async\" width=\"150\" height=\"150\" src=\"https:\/\/www.arcaro.ch\/wp-content\/uploads\/2023\/11\/Schwarzwald_03-150x150.jpg\" class=\"attachment-thumbnail size-thumbnail\" alt=\"\" \/><\/a>\n\t\t\t<\/dt><\/dl><dl class='gallery-item'>\n\t\t\t<dt class='gallery-icon landscape'>\n\t\t\t\t<a data-elementor-open-lightbox=\"yes\" data-elementor-lightbox-slideshow=\"efe24e6\" data-elementor-lightbox-title=\"Schwarzwald - J\u00e4gersteig\" data-e-action-hash=\"#elementor-action%3Aaction%3Dlightbox%26settings%3DeyJpZCI6MTMzMjQsInVybCI6Imh0dHBzOlwvXC93d3cuYXJjYXJvLmNoXC93cC1jb250ZW50XC91cGxvYWRzXC8yMDIzXC8xMVwvU2Nod2FyendhbGQtSmFlZ2Vyc3RlaWdfMS5qcGciLCJzbGlkZXNob3ciOiJlZmUyNGU2In0%3D\" href='https:\/\/www.arcaro.ch\/wp-content\/uploads\/2023\/11\/Schwarzwald-Jaegersteig_1.jpg'><img loading=\"lazy\" decoding=\"async\" width=\"150\" height=\"150\" src=\"https:\/\/www.arcaro.ch\/wp-content\/uploads\/2023\/11\/Schwarzwald-Jaegersteig_1-150x150.jpg\" class=\"attachment-thumbnail size-thumbnail\" alt=\"\" \/><\/a>\n\t\t\t<\/dt><\/dl><br style=\"clear: both\" \/><dl class='gallery-item'>\n\t\t\t<dt class='gallery-icon landscape'>\n\t\t\t\t<a data-elementor-open-lightbox=\"yes\" data-elementor-lightbox-slideshow=\"efe24e6\" data-elementor-lightbox-title=\"Schwarzwald - J\u00e4gersteig\" data-e-action-hash=\"#elementor-action%3Aaction%3Dlightbox%26settings%3DeyJpZCI6MTMzMjEsInVybCI6Imh0dHBzOlwvXC93d3cuYXJjYXJvLmNoXC93cC1jb250ZW50XC91cGxvYWRzXC8yMDIzXC8xMVwvU2Nod2FyendhbGRfMDQuanBnIiwic2xpZGVzaG93IjoiZWZlMjRlNiJ9\" href='https:\/\/www.arcaro.ch\/wp-content\/uploads\/2023\/11\/Schwarzwald_04.jpg'><img loading=\"lazy\" decoding=\"async\" width=\"150\" height=\"150\" src=\"https:\/\/www.arcaro.ch\/wp-content\/uploads\/2023\/11\/Schwarzwald_04-150x150.jpg\" class=\"attachment-thumbnail size-thumbnail\" alt=\"\" \/><\/a>\n\t\t\t<\/dt><\/dl><dl class='gallery-item'>\n\t\t\t<dt class='gallery-icon landscape'>\n\t\t\t\t<a data-elementor-open-lightbox=\"yes\" data-elementor-lightbox-slideshow=\"efe24e6\" data-elementor-lightbox-title=\"Schwarzwald - J\u00e4gersteig\" data-e-action-hash=\"#elementor-action%3Aaction%3Dlightbox%26settings%3DeyJpZCI6MTMzMjIsInVybCI6Imh0dHBzOlwvXC93d3cuYXJjYXJvLmNoXC93cC1jb250ZW50XC91cGxvYWRzXC8yMDIzXC8xMVwvU2Nod2FyendhbGRfMDUuanBnIiwic2xpZGVzaG93IjoiZWZlMjRlNiJ9\" href='https:\/\/www.arcaro.ch\/wp-content\/uploads\/2023\/11\/Schwarzwald_05.jpg'><img loading=\"lazy\" decoding=\"async\" width=\"150\" height=\"150\" src=\"https:\/\/www.arcaro.ch\/wp-content\/uploads\/2023\/11\/Schwarzwald_05-150x150.jpg\" class=\"attachment-thumbnail size-thumbnail\" alt=\"\" \/><\/a>\n\t\t\t<\/dt><\/dl><dl class='gallery-item'>\n\t\t\t<dt class='gallery-icon landscape'>\n\t\t\t\t<a data-elementor-open-lightbox=\"yes\" data-elementor-lightbox-slideshow=\"efe24e6\" data-elementor-lightbox-title=\"Schwarzwald - J\u00e4gersteig\" data-e-action-hash=\"#elementor-action%3Aaction%3Dlightbox%26settings%3DeyJpZCI6MTMzMjYsInVybCI6Imh0dHBzOlwvXC93d3cuYXJjYXJvLmNoXC93cC1jb250ZW50XC91cGxvYWRzXC8yMDIzXC8xMVwvU2Nod2FyendhbGQtSmFlZ2Vyc3RlaWdfMy5qcGciLCJzbGlkZXNob3ciOiJlZmUyNGU2In0%3D\" href='https:\/\/www.arcaro.ch\/wp-content\/uploads\/2023\/11\/Schwarzwald-Jaegersteig_3.jpg'><img loading=\"lazy\" decoding=\"async\" width=\"150\" height=\"150\" src=\"https:\/\/www.arcaro.ch\/wp-content\/uploads\/2023\/11\/Schwarzwald-Jaegersteig_3-150x150.jpg\" class=\"attachment-thumbnail size-thumbnail\" alt=\"\" \/><\/a>\n\t\t\t<\/dt><\/dl><dl class='gallery-item'>\n\t\t\t<dt class='gallery-icon landscape'>\n\t\t\t\t<a data-elementor-open-lightbox=\"yes\" data-elementor-lightbox-slideshow=\"efe24e6\" data-elementor-lightbox-title=\"Schwarzwald - J\u00e4gersteig\" data-e-action-hash=\"#elementor-action%3Aaction%3Dlightbox%26settings%3DeyJpZCI6MTMzMzAsInVybCI6Imh0dHBzOlwvXC93d3cuYXJjYXJvLmNoXC93cC1jb250ZW50XC91cGxvYWRzXC8yMDIzXC8xMVwvU2Nod2FyendhbGQtSmFlZ2Vyc3RlaWctLmpwZyIsInNsaWRlc2hvdyI6ImVmZTI0ZTYifQ%3D%3D\" href='https:\/\/www.arcaro.ch\/wp-content\/uploads\/2023\/11\/Schwarzwald-Jaegersteig-.jpg'><img loading=\"lazy\" decoding=\"async\" width=\"150\" height=\"150\" src=\"https:\/\/www.arcaro.ch\/wp-content\/uploads\/2023\/11\/Schwarzwald-Jaegersteig--150x150.jpg\" class=\"attachment-thumbnail size-thumbnail\" alt=\"\" \/><\/a>\n\t\t\t<\/dt><\/dl><br style=\"clear: both\" \/><dl class='gallery-item'>\n\t\t\t<dt class='gallery-icon landscape'>\n\t\t\t\t<a data-elementor-open-lightbox=\"yes\" data-elementor-lightbox-slideshow=\"efe24e6\" data-elementor-lightbox-title=\"Schwarzwald - J\u00e4gersteig\" data-e-action-hash=\"#elementor-action%3Aaction%3Dlightbox%26settings%3DeyJpZCI6MTMzMjcsInVybCI6Imh0dHBzOlwvXC93d3cuYXJjYXJvLmNoXC93cC1jb250ZW50XC91cGxvYWRzXC8yMDIzXC8xMVwvU2Nod2FyendhbGQtSmFlZ2Vyc3RlaWdfNC5qcGciLCJzbGlkZXNob3ciOiJlZmUyNGU2In0%3D\" href='https:\/\/www.arcaro.ch\/wp-content\/uploads\/2023\/11\/Schwarzwald-Jaegersteig_4.jpg'><img loading=\"lazy\" decoding=\"async\" width=\"150\" height=\"150\" src=\"https:\/\/www.arcaro.ch\/wp-content\/uploads\/2023\/11\/Schwarzwald-Jaegersteig_4-150x150.jpg\" class=\"attachment-thumbnail size-thumbnail\" alt=\"\" \/><\/a>\n\t\t\t<\/dt><\/dl><dl class='gallery-item'>\n\t\t\t<dt class='gallery-icon landscape'>\n\t\t\t\t<a data-elementor-open-lightbox=\"yes\" data-elementor-lightbox-slideshow=\"efe24e6\" data-elementor-lightbox-title=\"Schwarzwald - J\u00e4gersteig\" data-e-action-hash=\"#elementor-action%3Aaction%3Dlightbox%26settings%3DeyJpZCI6MTMzMTksInVybCI6Imh0dHBzOlwvXC93d3cuYXJjYXJvLmNoXC93cC1jb250ZW50XC91cGxvYWRzXC8yMDIzXC8xMVwvU2Nod2FyendhbGRfMDIuanBnIiwic2xpZGVzaG93IjoiZWZlMjRlNiJ9\" href='https:\/\/www.arcaro.ch\/wp-content\/uploads\/2023\/11\/Schwarzwald_02.jpg'><img loading=\"lazy\" decoding=\"async\" width=\"150\" height=\"150\" src=\"https:\/\/www.arcaro.ch\/wp-content\/uploads\/2023\/11\/Schwarzwald_02-150x150.jpg\" class=\"attachment-thumbnail size-thumbnail\" alt=\"\" \/><\/a>\n\t\t\t<\/dt><\/dl><dl class='gallery-item'>\n\t\t\t<dt class='gallery-icon landscape'>\n\t\t\t\t<a data-elementor-open-lightbox=\"yes\" data-elementor-lightbox-slideshow=\"efe24e6\" data-elementor-lightbox-title=\"Schwarzwald - J\u00e4gersteig - Schluchsee\" data-e-action-hash=\"#elementor-action%3Aaction%3Dlightbox%26settings%3DeyJpZCI6MTMzMjgsInVybCI6Imh0dHBzOlwvXC93d3cuYXJjYXJvLmNoXC93cC1jb250ZW50XC91cGxvYWRzXC8yMDIzXC8xMVwvU2Nod2FyendhbGQtSmFlZ2Vyc3RlaWdfNS5qcGciLCJzbGlkZXNob3ciOiJlZmUyNGU2In0%3D\" href='https:\/\/www.arcaro.ch\/wp-content\/uploads\/2023\/11\/Schwarzwald-Jaegersteig_5.jpg'><img loading=\"lazy\" decoding=\"async\" width=\"150\" height=\"150\" src=\"https:\/\/www.arcaro.ch\/wp-content\/uploads\/2023\/11\/Schwarzwald-Jaegersteig_5-150x150.jpg\" class=\"attachment-thumbnail size-thumbnail\" alt=\"\" \/><\/a>\n\t\t\t<\/dt><\/dl><dl class='gallery-item'>\n\t\t\t<dt class='gallery-icon landscape'>\n\t\t\t\t<a data-elementor-open-lightbox=\"yes\" data-elementor-lightbox-slideshow=\"efe24e6\" data-elementor-lightbox-title=\"Schwarzwald - J\u00e4gersteig - Schluchsee\" data-e-action-hash=\"#elementor-action%3Aaction%3Dlightbox%26settings%3DeyJpZCI6MTMzMzEsInVybCI6Imh0dHBzOlwvXC93d3cuYXJjYXJvLmNoXC93cC1jb250ZW50XC91cGxvYWRzXC8yMDIzXC8xMVwvU2Nod2FyendhbGQtSmFlZ2Vyc3RlaWctMS0xLmpwZyIsInNsaWRlc2hvdyI6ImVmZTI0ZTYifQ%3D%3D\" href='https:\/\/www.arcaro.ch\/wp-content\/uploads\/2023\/11\/Schwarzwald-Jaegersteig-1-1.jpg'><img loading=\"lazy\" decoding=\"async\" width=\"150\" height=\"150\" src=\"https:\/\/www.arcaro.ch\/wp-content\/uploads\/2023\/11\/Schwarzwald-Jaegersteig-1-1-150x150.jpg\" class=\"attachment-thumbnail size-thumbnail\" alt=\"\" \/><\/a>\n\t\t\t<\/dt><\/dl><br style=\"clear: both\" \/>\n\t\t<\/div>\n\t\t<\/div>\n\t\t\t\t\t\t<\/div>\n\t\t\t\t<\/div>\n\t\t\t\t<div class=\"elementor-element elementor-element-6379493 elementor-widget elementor-widget-text-editor\" data-id=\"6379493\" data-element_type=\"widget\" data-widget_type=\"text-editor.default\">\n\t\t\t\t<div class=\"elementor-widget-container\">\n\t\t\t\t\t\t\t\t\t<p>Nach gut 4 Stunden wandern sind wir wieder zur\u00fcck am Ausgangspunkt angelangt. Es war eine interessante sch\u00f6ne Wanderung. Nicht allzu anstrengend, gutes Schuhwerk ist empfehlenswert.<\/p>\t\t\t\t\t\t\t\t<\/div>\n\t\t\t\t<\/div>\n\t\t\t\t\t<\/div>\n\t\t<\/div>\n\t\t\t\t\t<\/div>\n\t\t<\/section>\n\t\t\t\t<section class=\"elementor-section elementor-top-section elementor-element elementor-element-dcc71d1 elementor-section-boxed elementor-section-height-default elementor-section-height-default\" data-id=\"dcc71d1\" data-element_type=\"section\">\n\t\t\t\t\t\t<div class=\"elementor-container elementor-column-gap-default\">\n\t\t\t\t\t<div class=\"elementor-column elementor-col-100 elementor-top-column elementor-element elementor-element-cf6b39c\" data-id=\"cf6b39c\" data-element_type=\"column\">\n\t\t\t<div class=\"elementor-widget-wrap elementor-element-populated\">\n\t\t\t\t\t\t<div class=\"elementor-element elementor-element-176c980 elementor-widget elementor-widget-text-editor\" data-id=\"176c980\" data-element_type=\"widget\" data-widget_type=\"text-editor.default\">\n\t\t\t\t<div class=\"elementor-widget-container\">\n\t\t\t\t\t\t\t\t\t<p style=\"text-align: center;\">\u00dcbrigens, die Dreiseenbahn (Schild beim Bahnhof Schluchsee) verbindet folgende Seen miteinander:<br \/><strong>&#8211; Titisee<\/strong><br \/><strong>&#8211; Windgf\u00e4llweiher<\/strong><br \/><strong>&#8211; Schluchsee<\/strong><\/p>\t\t\t\t\t\t\t\t<\/div>\n\t\t\t\t<\/div>\n\t\t\t\t<div class=\"elementor-element elementor-element-c488eaa elementor-widget elementor-widget-image-gallery\" data-id=\"c488eaa\" data-element_type=\"widget\" data-widget_type=\"image-gallery.default\">\n\t\t\t\t<div class=\"elementor-widget-container\">\n\t\t\t\t\t\t\t<div class=\"elementor-image-gallery\">\n\t\t\t\n\t\t<style type=\"text\/css\">\n\t\t\t#gallery-3 {\n\t\t\t\tmargin: auto;\n\t\t\t}\n\t\t\t#gallery-3 .gallery-item {\n\t\t\t\tfloat: left;\n\t\t\t\tmargin-top: 10px;\n\t\t\t\ttext-align: center;\n\t\t\t\twidth: 100%;\n\t\t\t}\n\t\t\t#gallery-3 img {\n\t\t\t\tborder: 2px solid #cfcfcf;\n\t\t\t}\n\t\t\t#gallery-3 .gallery-caption {\n\t\t\t\tmargin-left: 0;\n\t\t\t}\n\t\t\t\/* see gallery_shortcode() in wp-includes\/media.php *\/\n\t\t<\/style>\n\t\t<div id='gallery-3' class='gallery galleryid-13298 gallery-columns-1 gallery-size-thumbnail'><dl class='gallery-item'>\n\t\t\t<dt class='gallery-icon landscape'>\n\t\t\t\t<a data-elementor-open-lightbox=\"yes\" data-elementor-lightbox-slideshow=\"c488eaa\" data-elementor-lightbox-title=\"Schwarzwald - Dreiseenbahn\" data-e-action-hash=\"#elementor-action%3Aaction%3Dlightbox%26settings%3DeyJpZCI6MTMzMzYsInVybCI6Imh0dHBzOlwvXC93d3cuYXJjYXJvLmNoXC93cC1jb250ZW50XC91cGxvYWRzXC8yMDIzXC8xMVwvU2Nod2FyendhbGQtRHJlaXNlZW5iYWhuLmpwZyIsInNsaWRlc2hvdyI6ImM0ODhlYWEifQ%3D%3D\" href='https:\/\/www.arcaro.ch\/wp-content\/uploads\/2023\/11\/Schwarzwald-Dreiseenbahn.jpg'><img loading=\"lazy\" decoding=\"async\" width=\"150\" height=\"150\" src=\"https:\/\/www.arcaro.ch\/wp-content\/uploads\/2023\/11\/Schwarzwald-Dreiseenbahn-150x150.jpg\" class=\"attachment-thumbnail size-thumbnail\" alt=\"\" \/><\/a>\n\t\t\t<\/dt><\/dl><br style=\"clear: both\" \/>\n\t\t<\/div>\n\t\t<\/div>\n\t\t\t\t\t\t<\/div>\n\t\t\t\t<\/div>\n\t\t\t\t\t<\/div>\n\t\t<\/div>\n\t\t\t\t\t<\/div>\n\t\t<\/section>\n\t\t\t\t<section class=\"elementor-section elementor-top-section elementor-element elementor-element-69e7f18 elementor-section-boxed elementor-section-height-default elementor-section-height-default\" data-id=\"69e7f18\" data-element_type=\"section\">\n\t\t\t\t\t\t<div class=\"elementor-container elementor-column-gap-default\">\n\t\t\t\t\t<div class=\"elementor-column elementor-col-100 elementor-top-column elementor-element elementor-element-6a1b46e\" data-id=\"6a1b46e\" data-element_type=\"column\">\n\t\t\t<div class=\"elementor-widget-wrap elementor-element-populated\">\n\t\t\t\t\t\t<div class=\"elementor-element elementor-element-dbd3e49 elementor-widget elementor-widget-video\" data-id=\"dbd3e49\" data-element_type=\"widget\" data-settings=\"{&quot;youtube_url&quot;:&quot;https:\\\/\\\/youtu.be\\\/HsskThRC49o&quot;,&quot;video_type&quot;:&quot;youtube&quot;,&quot;controls&quot;:&quot;yes&quot;}\" data-widget_type=\"video.default\">\n\t\t\t\t<div class=\"elementor-widget-container\">\n\t\t\t\t\t\t\t<div class=\"elementor-wrapper elementor-open-inline\">\n\t\t\t<div class=\"elementor-video\"><\/div>\t\t<\/div>\n\t\t\t\t\t\t<\/div>\n\t\t\t\t<\/div>\n\t\t\t\t\t<\/div>\n\t\t<\/div>\n\t\t\t\t\t<\/div>\n\t\t<\/section>\n\t\t\t\t<section class=\"elementor-section elementor-top-section elementor-element elementor-element-4d7c03b elementor-section-boxed elementor-section-height-default elementor-section-height-default\" data-id=\"4d7c03b\" data-element_type=\"section\">\n\t\t\t\t\t\t<div class=\"elementor-container elementor-column-gap-default\">\n\t\t\t\t\t<div class=\"elementor-column elementor-col-100 elementor-top-column elementor-element elementor-element-15abbdf\" data-id=\"15abbdf\" data-element_type=\"column\">\n\t\t\t<div class=\"elementor-widget-wrap elementor-element-populated\">\n\t\t\t\t\t\t<div class=\"elementor-element elementor-element-c83eb65 elementor-widget-divider--view-line elementor-widget elementor-widget-divider\" data-id=\"c83eb65\" data-element_type=\"widget\" data-widget_type=\"divider.default\">\n\t\t\t\t<div class=\"elementor-widget-container\">\n\t\t\t\t\t\t\t<div class=\"elementor-divider\">\n\t\t\t<span class=\"elementor-divider-separator\">\n\t\t\t\t\t\t<\/span>\n\t\t<\/div>\n\t\t\t\t\t\t<\/div>\n\t\t\t\t<\/div>\n\t\t\t\t\t<\/div>\n\t\t<\/div>\n\t\t\t\t\t<\/div>\n\t\t<\/section>\n\t\t\t\t<section class=\"elementor-section elementor-top-section elementor-element elementor-element-b8d4b0b elementor-section-boxed elementor-section-height-default elementor-section-height-default\" data-id=\"b8d4b0b\" data-element_type=\"section\">\n\t\t\t\t\t\t<div class=\"elementor-container elementor-column-gap-default\">\n\t\t\t\t\t<div class=\"elementor-column elementor-col-100 elementor-top-column elementor-element elementor-element-94c58db\" data-id=\"94c58db\" data-element_type=\"column\">\n\t\t\t<div class=\"elementor-widget-wrap elementor-element-populated\">\n\t\t\t\t\t\t<div class=\"elementor-element elementor-element-c93a35e elementor-widget elementor-widget-text-editor\" data-id=\"c93a35e\" data-element_type=\"widget\" data-widget_type=\"text-editor.default\">\n\t\t\t\t<div class=\"elementor-widget-container\">\n\t\t\t\t\t\t\t\t\t<p>Die zweite Wanderung am n\u00e4chsten Tag f\u00e4llt nun buchst\u00e4blich ins Wasser, Dauerregen und starke B\u00f6en hindern uns den Riesenb\u00fchlturm zu besteigen &#8211; schade.<\/p>\t\t\t\t\t\t\t\t<\/div>\n\t\t\t\t<\/div>\n\t\t\t\t<div class=\"elementor-element elementor-element-0f6d50f elementor-widget elementor-widget-image-gallery\" data-id=\"0f6d50f\" data-element_type=\"widget\" data-widget_type=\"image-gallery.default\">\n\t\t\t\t<div class=\"elementor-widget-container\">\n\t\t\t\t\t\t\t<div class=\"elementor-image-gallery\">\n\t\t\t\n\t\t<style type=\"text\/css\">\n\t\t\t#gallery-4 {\n\t\t\t\tmargin: auto;\n\t\t\t}\n\t\t\t#gallery-4 .gallery-item {\n\t\t\t\tfloat: left;\n\t\t\t\tmargin-top: 10px;\n\t\t\t\ttext-align: center;\n\t\t\t\twidth: 100%;\n\t\t\t}\n\t\t\t#gallery-4 img {\n\t\t\t\tborder: 2px solid #cfcfcf;\n\t\t\t}\n\t\t\t#gallery-4 .gallery-caption {\n\t\t\t\tmargin-left: 0;\n\t\t\t}\n\t\t\t\/* see gallery_shortcode() in wp-includes\/media.php *\/\n\t\t<\/style>\n\t\t<div id='gallery-4' class='gallery galleryid-13298 gallery-columns-1 gallery-size-thumbnail'><dl class='gallery-item'>\n\t\t\t<dt class='gallery-icon portrait'>\n\t\t\t\t<a data-elementor-open-lightbox=\"yes\" data-elementor-lightbox-slideshow=\"0f6d50f\" data-elementor-lightbox-title=\"Schwarzwald - Riesenb\u00fchlturm\" data-e-action-hash=\"#elementor-action%3Aaction%3Dlightbox%26settings%3DeyJpZCI6MTMzNDQsInVybCI6Imh0dHBzOlwvXC93d3cuYXJjYXJvLmNoXC93cC1jb250ZW50XC91cGxvYWRzXC8yMDIzXC8xMVwvU2Nod2FyendhbGQtUmllc2VuYnVlaGx0dXJtLmpwZyIsInNsaWRlc2hvdyI6IjBmNmQ1MGYifQ%3D%3D\" href='https:\/\/www.arcaro.ch\/wp-content\/uploads\/2023\/11\/Schwarzwald-Riesenbuehlturm.jpg'><img loading=\"lazy\" decoding=\"async\" width=\"150\" height=\"150\" src=\"https:\/\/www.arcaro.ch\/wp-content\/uploads\/2023\/11\/Schwarzwald-Riesenbuehlturm-150x150.jpg\" class=\"attachment-thumbnail size-thumbnail\" alt=\"\" \/><\/a>\n\t\t\t<\/dt><\/dl><br style=\"clear: both\" \/>\n\t\t<\/div>\n\t\t<\/div>\n\t\t\t\t\t\t<\/div>\n\t\t\t\t<\/div>\n\t\t\t\t\t<\/div>\n\t\t<\/div>\n\t\t\t\t\t<\/div>\n\t\t<\/section>\n\t\t\t\t<section class=\"elementor-section elementor-top-section elementor-element elementor-element-d74f316 elementor-section-boxed elementor-section-height-default elementor-section-height-default\" data-id=\"d74f316\" data-element_type=\"section\">\n\t\t\t\t\t\t<div class=\"elementor-container elementor-column-gap-default\">\n\t\t\t\t\t<div class=\"elementor-column elementor-col-100 elementor-top-column elementor-element elementor-element-66bf00d\" data-id=\"66bf00d\" data-element_type=\"column\">\n\t\t\t<div class=\"elementor-widget-wrap elementor-element-populated\">\n\t\t\t\t\t\t<div class=\"elementor-element elementor-element-320d06f elementor-widget-divider--view-line elementor-widget elementor-widget-divider\" data-id=\"320d06f\" data-element_type=\"widget\" data-widget_type=\"divider.default\">\n\t\t\t\t<div class=\"elementor-widget-container\">\n\t\t\t\t\t\t\t<div class=\"elementor-divider\">\n\t\t\t<span class=\"elementor-divider-separator\">\n\t\t\t\t\t\t<\/span>\n\t\t<\/div>\n\t\t\t\t\t\t<\/div>\n\t\t\t\t<\/div>\n\t\t\t\t\t<\/div>\n\t\t<\/div>\n\t\t\t\t\t<\/div>\n\t\t<\/section>\n\t\t\t\t<section class=\"elementor-section elementor-top-section elementor-element elementor-element-8311fe8 elementor-section-boxed elementor-section-height-default elementor-section-height-default\" data-id=\"8311fe8\" data-element_type=\"section\">\n\t\t\t\t\t\t<div class=\"elementor-container elementor-column-gap-default\">\n\t\t\t\t\t<div class=\"elementor-column elementor-col-100 elementor-top-column elementor-element elementor-element-0bb59c4\" data-id=\"0bb59c4\" data-element_type=\"column\">\n\t\t\t<div class=\"elementor-widget-wrap elementor-element-populated\">\n\t\t\t\t\t\t<div class=\"elementor-element elementor-element-a6891bd elementor-widget elementor-widget-text-editor\" data-id=\"a6891bd\" data-element_type=\"widget\" data-widget_type=\"text-editor.default\">\n\t\t\t\t<div class=\"elementor-widget-container\">\n\t\t\t\t\t\t\t\t\t<p>Nach dem verregneten Tag machen wir uns auf zum n\u00e4chsten Campingplatz. Dieser ist in Freiburg im Breisgau, unweit der Altstadt. Jetzt im Herbst stehen nicht allzu viele Campingpl\u00e4tze zur Verf\u00fcgung. Die meisten machen Winterpause. Der Hirzberg Campingplatz hat zum Gl\u00fcck das ganze Jahr ge\u00f6ffnet. Um sicher zu gehen, dass wir noch einen Platz ergattern k\u00f6nnen, habe ich vorreserviert. Wir sind nun gegen Mittag angekommen und m\u00fcssen feststellen, dass der Campingplatz sehr gut besucht ist.<\/p><p>Nach dem Installieren unseres Wohnmobils, Strom anschliessen, St\u00fctzen herunterfahren, einen Kaffee zum Aufw\u00e4rmen trinken, machen wir uns auf den Weg in die Altstadt von Freiburg. <br \/>Nach 20 Minuten Fussmarsch sind wir bereits am Schwabentor, dem \u00f6stlichen Eingang zur Altstadt. Am M\u00fcnsterplatz angekommen k\u00f6nnen wir noch dem Treiben von ca. 130 Marktst\u00e4nden zusehen, welche jeden Tag von Montag bis Samstag ihre Waren zum Verkauf anbieten. <br \/>Mit einer &#8222;langen Roten&#8220;, der Freiburger Original Bratwurst, stillen wir erstmal unseren Hunger.<\/p>\t\t\t\t\t\t\t\t<\/div>\n\t\t\t\t<\/div>\n\t\t\t\t<div class=\"elementor-element elementor-element-38aeb9c elementor-widget elementor-widget-image-gallery\" data-id=\"38aeb9c\" data-element_type=\"widget\" data-widget_type=\"image-gallery.default\">\n\t\t\t\t<div class=\"elementor-widget-container\">\n\t\t\t\t\t\t\t<div class=\"elementor-image-gallery\">\n\t\t\t\n\t\t<style type=\"text\/css\">\n\t\t\t#gallery-5 {\n\t\t\t\tmargin: auto;\n\t\t\t}\n\t\t\t#gallery-5 .gallery-item {\n\t\t\t\tfloat: left;\n\t\t\t\tmargin-top: 10px;\n\t\t\t\ttext-align: center;\n\t\t\t\twidth: 100%;\n\t\t\t}\n\t\t\t#gallery-5 img {\n\t\t\t\tborder: 2px solid #cfcfcf;\n\t\t\t}\n\t\t\t#gallery-5 .gallery-caption {\n\t\t\t\tmargin-left: 0;\n\t\t\t}\n\t\t\t\/* see gallery_shortcode() in wp-includes\/media.php *\/\n\t\t<\/style>\n\t\t<div id='gallery-5' class='gallery galleryid-13298 gallery-columns-1 gallery-size-thumbnail'><dl class='gallery-item'>\n\t\t\t<dt class='gallery-icon landscape'>\n\t\t\t\t<a data-elementor-open-lightbox=\"yes\" data-elementor-lightbox-slideshow=\"38aeb9c\" data-elementor-lightbox-title=\"Die lange Rote\" data-e-action-hash=\"#elementor-action%3Aaction%3Dlightbox%26settings%3DeyJpZCI6MTMzNTUsInVybCI6Imh0dHBzOlwvXC93d3cuYXJjYXJvLmNoXC93cC1jb250ZW50XC91cGxvYWRzXC8yMDIzXC8xMVwvRGllLWxhbmdlLVJvdGUuanBnIiwic2xpZGVzaG93IjoiMzhhZWI5YyJ9\" href='https:\/\/www.arcaro.ch\/wp-content\/uploads\/2023\/11\/Die-lange-Rote.jpg'><img loading=\"lazy\" decoding=\"async\" width=\"150\" height=\"150\" src=\"https:\/\/www.arcaro.ch\/wp-content\/uploads\/2023\/11\/Die-lange-Rote-150x150.jpg\" class=\"attachment-thumbnail size-thumbnail\" alt=\"\" \/><\/a>\n\t\t\t<\/dt><\/dl><br style=\"clear: both\" \/>\n\t\t<\/div>\n\t\t<\/div>\n\t\t\t\t\t\t<\/div>\n\t\t\t\t<\/div>\n\t\t\t\t<div class=\"elementor-element elementor-element-e9d6b8d elementor-widget elementor-widget-text-editor\" data-id=\"e9d6b8d\" data-element_type=\"widget\" data-widget_type=\"text-editor.default\">\n\t\t\t\t<div class=\"elementor-widget-container\">\n\t\t\t\t\t\t\t\t\t<p>Nach dieser St\u00e4rkung machen wir uns auf den Weg in die H\u00f6he. Mit der Schlossbergbahn fahren wir hinauf zum Schlossberg und geniessen die Aussicht auf Freiburg, leider ohne Sonne, es regnet zum Gl\u00fcck aber nicht.<br \/>Zur\u00fcck in der Altstadt schlendern wir noch durch die vielen eindrucksvollen Gassen.<\/p>\t\t\t\t\t\t\t\t<\/div>\n\t\t\t\t<\/div>\n\t\t\t\t<div class=\"elementor-element elementor-element-2d4ace4 elementor-widget elementor-widget-image-gallery\" data-id=\"2d4ace4\" data-element_type=\"widget\" data-widget_type=\"image-gallery.default\">\n\t\t\t\t<div class=\"elementor-widget-container\">\n\t\t\t\t\t\t\t<div class=\"elementor-image-gallery\">\n\t\t\t\n\t\t<style type=\"text\/css\">\n\t\t\t#gallery-6 {\n\t\t\t\tmargin: auto;\n\t\t\t}\n\t\t\t#gallery-6 .gallery-item {\n\t\t\t\tfloat: left;\n\t\t\t\tmargin-top: 10px;\n\t\t\t\ttext-align: center;\n\t\t\t\twidth: 16%;\n\t\t\t}\n\t\t\t#gallery-6 img {\n\t\t\t\tborder: 2px solid #cfcfcf;\n\t\t\t}\n\t\t\t#gallery-6 .gallery-caption {\n\t\t\t\tmargin-left: 0;\n\t\t\t}\n\t\t\t\/* see gallery_shortcode() in wp-includes\/media.php *\/\n\t\t<\/style>\n\t\t<div id='gallery-6' class='gallery galleryid-13298 gallery-columns-6 gallery-size-thumbnail'><dl class='gallery-item'>\n\t\t\t<dt class='gallery-icon portrait'>\n\t\t\t\t<a data-elementor-open-lightbox=\"yes\" data-elementor-lightbox-slideshow=\"2d4ace4\" data-elementor-lightbox-title=\"Freiburg - Schwabentor\" data-e-action-hash=\"#elementor-action%3Aaction%3Dlightbox%26settings%3DeyJpZCI6MTMzOTAsInVybCI6Imh0dHBzOlwvXC93d3cuYXJjYXJvLmNoXC93cC1jb250ZW50XC91cGxvYWRzXC8yMDIzXC8xMVwvRnJlaWJ1cmctMjAyM180LXJvdGF0ZWQuanBnIiwic2xpZGVzaG93IjoiMmQ0YWNlNCJ9\" href='https:\/\/www.arcaro.ch\/wp-content\/uploads\/2023\/11\/Freiburg-2023_4-rotated.jpg'><img loading=\"lazy\" decoding=\"async\" width=\"150\" height=\"150\" src=\"https:\/\/www.arcaro.ch\/wp-content\/uploads\/2023\/11\/Freiburg-2023_4-150x150.jpg\" class=\"attachment-thumbnail size-thumbnail\" alt=\"\" \/><\/a>\n\t\t\t<\/dt><\/dl><dl class='gallery-item'>\n\t\t\t<dt class='gallery-icon portrait'>\n\t\t\t\t<a data-elementor-open-lightbox=\"yes\" data-elementor-lightbox-slideshow=\"2d4ace4\" data-elementor-lightbox-title=\"Freiburg - M\u00fcnster\" data-e-action-hash=\"#elementor-action%3Aaction%3Dlightbox%26settings%3DeyJpZCI6MTMzODksInVybCI6Imh0dHBzOlwvXC93d3cuYXJjYXJvLmNoXC93cC1jb250ZW50XC91cGxvYWRzXC8yMDIzXC8xMVwvRnJlaWJ1cmctMjAyM18yLXJvdGF0ZWQuanBnIiwic2xpZGVzaG93IjoiMmQ0YWNlNCJ9\" href='https:\/\/www.arcaro.ch\/wp-content\/uploads\/2023\/11\/Freiburg-2023_2-rotated.jpg'><img loading=\"lazy\" decoding=\"async\" width=\"150\" height=\"150\" src=\"https:\/\/www.arcaro.ch\/wp-content\/uploads\/2023\/11\/Freiburg-2023_2-150x150.jpg\" class=\"attachment-thumbnail size-thumbnail\" alt=\"\" \/><\/a>\n\t\t\t<\/dt><\/dl><dl class='gallery-item'>\n\t\t\t<dt class='gallery-icon landscape'>\n\t\t\t\t<a data-elementor-open-lightbox=\"yes\" data-elementor-lightbox-slideshow=\"2d4ace4\" data-elementor-lightbox-title=\"Freiburg - Krokodil\" data-e-action-hash=\"#elementor-action%3Aaction%3Dlightbox%26settings%3DeyJpZCI6MTMzODcsInVybCI6Imh0dHBzOlwvXC93d3cuYXJjYXJvLmNoXC93cC1jb250ZW50XC91cGxvYWRzXC8yMDIzXC8xMVwvRnJlaWJ1cmctMjAyMy1fMTguanBnIiwic2xpZGVzaG93IjoiMmQ0YWNlNCJ9\" href='https:\/\/www.arcaro.ch\/wp-content\/uploads\/2023\/11\/Freiburg-2023-_18.jpg'><img loading=\"lazy\" decoding=\"async\" width=\"150\" height=\"150\" src=\"https:\/\/www.arcaro.ch\/wp-content\/uploads\/2023\/11\/Freiburg-2023-_18-150x150.jpg\" class=\"attachment-thumbnail size-thumbnail\" alt=\"\" \/><\/a>\n\t\t\t<\/dt><\/dl><dl class='gallery-item'>\n\t\t\t<dt class='gallery-icon portrait'>\n\t\t\t\t<a data-elementor-open-lightbox=\"yes\" data-elementor-lightbox-slideshow=\"2d4ace4\" data-elementor-lightbox-title=\"Freiburg - Schwabentor\" data-e-action-hash=\"#elementor-action%3Aaction%3Dlightbox%26settings%3DeyJpZCI6MTMzODgsInVybCI6Imh0dHBzOlwvXC93d3cuYXJjYXJvLmNoXC93cC1jb250ZW50XC91cGxvYWRzXC8yMDIzXC8xMVwvRnJlaWJ1cmctMjAyMy1fMTktcm90YXRlZC5qcGciLCJzbGlkZXNob3ciOiIyZDRhY2U0In0%3D\" href='https:\/\/www.arcaro.ch\/wp-content\/uploads\/2023\/11\/Freiburg-2023-_19-rotated.jpg'><img loading=\"lazy\" decoding=\"async\" width=\"150\" height=\"150\" src=\"https:\/\/www.arcaro.ch\/wp-content\/uploads\/2023\/11\/Freiburg-2023-_19-150x150.jpg\" class=\"attachment-thumbnail size-thumbnail\" alt=\"\" \/><\/a>\n\t\t\t<\/dt><\/dl><dl class='gallery-item'>\n\t\t\t<dt class='gallery-icon landscape'>\n\t\t\t\t<a data-elementor-open-lightbox=\"yes\" data-elementor-lightbox-slideshow=\"2d4ace4\" data-elementor-lightbox-title=\"Freiburg - Altstadt\" data-e-action-hash=\"#elementor-action%3Aaction%3Dlightbox%26settings%3DeyJpZCI6MTMzODYsInVybCI6Imh0dHBzOlwvXC93d3cuYXJjYXJvLmNoXC93cC1jb250ZW50XC91cGxvYWRzXC8yMDIzXC8xMVwvRnJlaWJ1cmctMjAyMy1fMTctMS5qcGciLCJzbGlkZXNob3ciOiIyZDRhY2U0In0%3D\" href='https:\/\/www.arcaro.ch\/wp-content\/uploads\/2023\/11\/Freiburg-2023-_17-1.jpg'><img loading=\"lazy\" decoding=\"async\" width=\"150\" height=\"150\" src=\"https:\/\/www.arcaro.ch\/wp-content\/uploads\/2023\/11\/Freiburg-2023-_17-1-150x150.jpg\" class=\"attachment-thumbnail size-thumbnail\" alt=\"\" \/><\/a>\n\t\t\t<\/dt><\/dl><dl class='gallery-item'>\n\t\t\t<dt class='gallery-icon portrait'>\n\t\t\t\t<a data-elementor-open-lightbox=\"yes\" data-elementor-lightbox-slideshow=\"2d4ace4\" data-elementor-lightbox-title=\"Freiburg - Altstadt\" data-e-action-hash=\"#elementor-action%3Aaction%3Dlightbox%26settings%3DeyJpZCI6MTMzODQsInVybCI6Imh0dHBzOlwvXC93d3cuYXJjYXJvLmNoXC93cC1jb250ZW50XC91cGxvYWRzXC8yMDIzXC8xMVwvRnJlaWJ1cmctMjAyMy1fMTYtMS1yb3RhdGVkLmpwZyIsInNsaWRlc2hvdyI6IjJkNGFjZTQifQ%3D%3D\" href='https:\/\/www.arcaro.ch\/wp-content\/uploads\/2023\/11\/Freiburg-2023-_16-1-rotated.jpg'><img loading=\"lazy\" decoding=\"async\" width=\"150\" height=\"150\" src=\"https:\/\/www.arcaro.ch\/wp-content\/uploads\/2023\/11\/Freiburg-2023-_16-1-150x150.jpg\" class=\"attachment-thumbnail size-thumbnail\" alt=\"\" \/><\/a>\n\t\t\t<\/dt><\/dl><br style=\"clear: both\" \/><dl class='gallery-item'>\n\t\t\t<dt class='gallery-icon landscape'>\n\t\t\t\t<a data-elementor-open-lightbox=\"yes\" data-elementor-lightbox-slideshow=\"2d4ace4\" data-elementor-lightbox-title=\"Freiburg - Altstadt\" data-e-action-hash=\"#elementor-action%3Aaction%3Dlightbox%26settings%3DeyJpZCI6MTMzNzgsInVybCI6Imh0dHBzOlwvXC93d3cuYXJjYXJvLmNoXC93cC1jb250ZW50XC91cGxvYWRzXC8yMDIzXC8xMVwvRnJlaWJ1cmctMjAyMy1fMTIuanBnIiwic2xpZGVzaG93IjoiMmQ0YWNlNCJ9\" href='https:\/\/www.arcaro.ch\/wp-content\/uploads\/2023\/11\/Freiburg-2023-_12.jpg'><img loading=\"lazy\" decoding=\"async\" width=\"150\" height=\"150\" src=\"https:\/\/www.arcaro.ch\/wp-content\/uploads\/2023\/11\/Freiburg-2023-_12-150x150.jpg\" class=\"attachment-thumbnail size-thumbnail\" alt=\"\" \/><\/a>\n\t\t\t<\/dt><\/dl><dl class='gallery-item'>\n\t\t\t<dt class='gallery-icon portrait'>\n\t\t\t\t<a data-elementor-open-lightbox=\"yes\" data-elementor-lightbox-slideshow=\"2d4ace4\" data-elementor-lightbox-title=\"Freiburg - Schlossbergbahn\" data-e-action-hash=\"#elementor-action%3Aaction%3Dlightbox%26settings%3DeyJpZCI6MTMzODAsInVybCI6Imh0dHBzOlwvXC93d3cuYXJjYXJvLmNoXC93cC1jb250ZW50XC91cGxvYWRzXC8yMDIzXC8xMVwvRnJlaWJ1cmctMjAyMy1fMTQtcm90YXRlZC5qcGciLCJzbGlkZXNob3ciOiIyZDRhY2U0In0%3D\" href='https:\/\/www.arcaro.ch\/wp-content\/uploads\/2023\/11\/Freiburg-2023-_14-rotated.jpg'><img loading=\"lazy\" decoding=\"async\" width=\"150\" height=\"150\" src=\"https:\/\/www.arcaro.ch\/wp-content\/uploads\/2023\/11\/Freiburg-2023-_14-150x150.jpg\" class=\"attachment-thumbnail size-thumbnail\" alt=\"\" \/><\/a>\n\t\t\t<\/dt><\/dl><dl class='gallery-item'>\n\t\t\t<dt class='gallery-icon portrait'>\n\t\t\t\t<a data-elementor-open-lightbox=\"yes\" data-elementor-lightbox-slideshow=\"2d4ace4\" data-elementor-lightbox-title=\"Freiburg - Altstadt\" data-e-action-hash=\"#elementor-action%3Aaction%3Dlightbox%26settings%3DeyJpZCI6MTMzODEsInVybCI6Imh0dHBzOlwvXC93d3cuYXJjYXJvLmNoXC93cC1jb250ZW50XC91cGxvYWRzXC8yMDIzXC8xMVwvRnJlaWJ1cmctMjAyMy1fMTUtcm90YXRlZC5qcGciLCJzbGlkZXNob3ciOiIyZDRhY2U0In0%3D\" href='https:\/\/www.arcaro.ch\/wp-content\/uploads\/2023\/11\/Freiburg-2023-_15-rotated.jpg'><img loading=\"lazy\" decoding=\"async\" width=\"150\" height=\"150\" src=\"https:\/\/www.arcaro.ch\/wp-content\/uploads\/2023\/11\/Freiburg-2023-_15-150x150.jpg\" class=\"attachment-thumbnail size-thumbnail\" alt=\"\" \/><\/a>\n\t\t\t<\/dt><\/dl><dl class='gallery-item'>\n\t\t\t<dt class='gallery-icon portrait'>\n\t\t\t\t<a data-elementor-open-lightbox=\"yes\" data-elementor-lightbox-slideshow=\"2d4ace4\" data-elementor-lightbox-title=\"Freiburg - Martinstor\" data-e-action-hash=\"#elementor-action%3Aaction%3Dlightbox%26settings%3DeyJpZCI6MTMzODIsInVybCI6Imh0dHBzOlwvXC93d3cuYXJjYXJvLmNoXC93cC1jb250ZW50XC91cGxvYWRzXC8yMDIzXC8xMVwvRnJlaWJ1cmctMjAyMy1fMTUtMS1yb3RhdGVkLmpwZyIsInNsaWRlc2hvdyI6IjJkNGFjZTQifQ%3D%3D\" href='https:\/\/www.arcaro.ch\/wp-content\/uploads\/2023\/11\/Freiburg-2023-_15-1-rotated.jpg'><img loading=\"lazy\" decoding=\"async\" width=\"150\" height=\"150\" src=\"https:\/\/www.arcaro.ch\/wp-content\/uploads\/2023\/11\/Freiburg-2023-_15-1-150x150.jpg\" class=\"attachment-thumbnail size-thumbnail\" alt=\"\" \/><\/a>\n\t\t\t<\/dt><\/dl><dl class='gallery-item'>\n\t\t\t<dt class='gallery-icon portrait'>\n\t\t\t\t<a data-elementor-open-lightbox=\"yes\" data-elementor-lightbox-slideshow=\"2d4ace4\" data-elementor-lightbox-title=\"Freiburg - Altstadt\" data-e-action-hash=\"#elementor-action%3Aaction%3Dlightbox%26settings%3DeyJpZCI6MTMzODMsInVybCI6Imh0dHBzOlwvXC93d3cuYXJjYXJvLmNoXC93cC1jb250ZW50XC91cGxvYWRzXC8yMDIzXC8xMVwvRnJlaWJ1cmctMjAyMy1fMTYtcm90YXRlZC5qcGciLCJzbGlkZXNob3ciOiIyZDRhY2U0In0%3D\" href='https:\/\/www.arcaro.ch\/wp-content\/uploads\/2023\/11\/Freiburg-2023-_16-rotated.jpg'><img loading=\"lazy\" decoding=\"async\" width=\"150\" height=\"150\" src=\"https:\/\/www.arcaro.ch\/wp-content\/uploads\/2023\/11\/Freiburg-2023-_16-150x150.jpg\" class=\"attachment-thumbnail size-thumbnail\" alt=\"\" \/><\/a>\n\t\t\t<\/dt><\/dl><dl class='gallery-item'>\n\t\t\t<dt class='gallery-icon portrait'>\n\t\t\t\t<a data-elementor-open-lightbox=\"yes\" data-elementor-lightbox-slideshow=\"2d4ace4\" data-elementor-lightbox-title=\"Freiburg - Altstadt\" data-e-action-hash=\"#elementor-action%3Aaction%3Dlightbox%26settings%3DeyJpZCI6MTMzODUsInVybCI6Imh0dHBzOlwvXC93d3cuYXJjYXJvLmNoXC93cC1jb250ZW50XC91cGxvYWRzXC8yMDIzXC8xMVwvRnJlaWJ1cmctMjAyMy1fMTctcm90YXRlZC5qcGciLCJzbGlkZXNob3ciOiIyZDRhY2U0In0%3D\" href='https:\/\/www.arcaro.ch\/wp-content\/uploads\/2023\/11\/Freiburg-2023-_17-rotated.jpg'><img loading=\"lazy\" decoding=\"async\" width=\"150\" height=\"150\" src=\"https:\/\/www.arcaro.ch\/wp-content\/uploads\/2023\/11\/Freiburg-2023-_17-150x150.jpg\" class=\"attachment-thumbnail size-thumbnail\" alt=\"\" \/><\/a>\n\t\t\t<\/dt><\/dl><br style=\"clear: both\" \/><dl class='gallery-item'>\n\t\t\t<dt class='gallery-icon portrait'>\n\t\t\t\t<a data-elementor-open-lightbox=\"yes\" data-elementor-lightbox-slideshow=\"2d4ace4\" data-elementor-lightbox-title=\"Freiburg - Altstadt\" data-e-action-hash=\"#elementor-action%3Aaction%3Dlightbox%26settings%3DeyJpZCI6MTMzNzksInVybCI6Imh0dHBzOlwvXC93d3cuYXJjYXJvLmNoXC93cC1jb250ZW50XC91cGxvYWRzXC8yMDIzXC8xMVwvRnJlaWJ1cmctMjAyMy1fMTMtcm90YXRlZC5qcGciLCJzbGlkZXNob3ciOiIyZDRhY2U0In0%3D\" href='https:\/\/www.arcaro.ch\/wp-content\/uploads\/2023\/11\/Freiburg-2023-_13-rotated.jpg'><img loading=\"lazy\" decoding=\"async\" width=\"150\" height=\"150\" src=\"https:\/\/www.arcaro.ch\/wp-content\/uploads\/2023\/11\/Freiburg-2023-_13-150x150.jpg\" class=\"attachment-thumbnail size-thumbnail\" alt=\"\" \/><\/a>\n\t\t\t<\/dt><\/dl><dl class='gallery-item'>\n\t\t\t<dt class='gallery-icon portrait'>\n\t\t\t\t<a data-elementor-open-lightbox=\"yes\" data-elementor-lightbox-slideshow=\"2d4ace4\" data-elementor-lightbox-title=\"Freiburg - Schlossberg\" data-e-action-hash=\"#elementor-action%3Aaction%3Dlightbox%26settings%3DeyJpZCI6MTMzNzcsInVybCI6Imh0dHBzOlwvXC93d3cuYXJjYXJvLmNoXC93cC1jb250ZW50XC91cGxvYWRzXC8yMDIzXC8xMVwvRnJlaWJ1cmctMjAyMy1fMTEtcm90YXRlZC5qcGciLCJzbGlkZXNob3ciOiIyZDRhY2U0In0%3D\" href='https:\/\/www.arcaro.ch\/wp-content\/uploads\/2023\/11\/Freiburg-2023-_11-rotated.jpg'><img loading=\"lazy\" decoding=\"async\" width=\"150\" height=\"150\" src=\"https:\/\/www.arcaro.ch\/wp-content\/uploads\/2023\/11\/Freiburg-2023-_11-150x150.jpg\" class=\"attachment-thumbnail size-thumbnail\" alt=\"\" \/><\/a>\n\t\t\t<\/dt><\/dl><dl class='gallery-item'>\n\t\t\t<dt class='gallery-icon portrait'>\n\t\t\t\t<a data-elementor-open-lightbox=\"yes\" data-elementor-lightbox-slideshow=\"2d4ace4\" data-elementor-lightbox-title=\"Freiburg - Altstadt\" data-e-action-hash=\"#elementor-action%3Aaction%3Dlightbox%26settings%3DeyJpZCI6MTMzNzUsInVybCI6Imh0dHBzOlwvXC93d3cuYXJjYXJvLmNoXC93cC1jb250ZW50XC91cGxvYWRzXC8yMDIzXC8xMVwvRnJlaWJ1cmctMjAyMy1fMDctMS1yb3RhdGVkLmpwZyIsInNsaWRlc2hvdyI6IjJkNGFjZTQifQ%3D%3D\" href='https:\/\/www.arcaro.ch\/wp-content\/uploads\/2023\/11\/Freiburg-2023-_07-1-rotated.jpg'><img loading=\"lazy\" decoding=\"async\" width=\"150\" height=\"150\" src=\"https:\/\/www.arcaro.ch\/wp-content\/uploads\/2023\/11\/Freiburg-2023-_07-1-150x150.jpg\" class=\"attachment-thumbnail size-thumbnail\" alt=\"\" \/><\/a>\n\t\t\t<\/dt><\/dl><dl class='gallery-item'>\n\t\t\t<dt class='gallery-icon landscape'>\n\t\t\t\t<a data-elementor-open-lightbox=\"yes\" data-elementor-lightbox-slideshow=\"2d4ace4\" data-elementor-lightbox-title=\"Freiburg\" data-e-action-hash=\"#elementor-action%3Aaction%3Dlightbox%26settings%3DeyJpZCI6MTMzNzYsInVybCI6Imh0dHBzOlwvXC93d3cuYXJjYXJvLmNoXC93cC1jb250ZW50XC91cGxvYWRzXC8yMDIzXC8xMVwvRnJlaWJ1cmctMjAyMy1fMDguanBnIiwic2xpZGVzaG93IjoiMmQ0YWNlNCJ9\" href='https:\/\/www.arcaro.ch\/wp-content\/uploads\/2023\/11\/Freiburg-2023-_08.jpg'><img loading=\"lazy\" decoding=\"async\" width=\"150\" height=\"150\" src=\"https:\/\/www.arcaro.ch\/wp-content\/uploads\/2023\/11\/Freiburg-2023-_08-150x150.jpg\" class=\"attachment-thumbnail size-thumbnail\" alt=\"\" \/><\/a>\n\t\t\t<\/dt><\/dl><dl class='gallery-item'>\n\t\t\t<dt class='gallery-icon portrait'>\n\t\t\t\t<a data-elementor-open-lightbox=\"yes\" data-elementor-lightbox-slideshow=\"2d4ace4\" data-elementor-lightbox-title=\"Freiburg - Altstadt\" data-e-action-hash=\"#elementor-action%3Aaction%3Dlightbox%26settings%3DeyJpZCI6MTMzNzQsInVybCI6Imh0dHBzOlwvXC93d3cuYXJjYXJvLmNoXC93cC1jb250ZW50XC91cGxvYWRzXC8yMDIzXC8xMVwvRnJlaWJ1cmctMjAyMy1fMDctcm90YXRlZC5qcGciLCJzbGlkZXNob3ciOiIyZDRhY2U0In0%3D\" href='https:\/\/www.arcaro.ch\/wp-content\/uploads\/2023\/11\/Freiburg-2023-_07-rotated.jpg'><img loading=\"lazy\" decoding=\"async\" width=\"150\" height=\"150\" src=\"https:\/\/www.arcaro.ch\/wp-content\/uploads\/2023\/11\/Freiburg-2023-_07-150x150.jpg\" class=\"attachment-thumbnail size-thumbnail\" alt=\"\" \/><\/a>\n\t\t\t<\/dt><\/dl><dl class='gallery-item'>\n\t\t\t<dt class='gallery-icon portrait'>\n\t\t\t\t<a data-elementor-open-lightbox=\"yes\" data-elementor-lightbox-slideshow=\"2d4ace4\" data-elementor-lightbox-title=\"Freiburg - Altstadt\" data-e-action-hash=\"#elementor-action%3Aaction%3Dlightbox%26settings%3DeyJpZCI6MTMzNzMsInVybCI6Imh0dHBzOlwvXC93d3cuYXJjYXJvLmNoXC93cC1jb250ZW50XC91cGxvYWRzXC8yMDIzXC8xMVwvRnJlaWJ1cmctMjAyMy1fMDYtcm90YXRlZC5qcGciLCJzbGlkZXNob3ciOiIyZDRhY2U0In0%3D\" href='https:\/\/www.arcaro.ch\/wp-content\/uploads\/2023\/11\/Freiburg-2023-_06-rotated.jpg'><img loading=\"lazy\" decoding=\"async\" width=\"150\" height=\"150\" src=\"https:\/\/www.arcaro.ch\/wp-content\/uploads\/2023\/11\/Freiburg-2023-_06-150x150.jpg\" class=\"attachment-thumbnail size-thumbnail\" alt=\"\" \/><\/a>\n\t\t\t<\/dt><\/dl><br style=\"clear: both\" \/>\n\t\t<\/div>\n\t\t<\/div>\n\t\t\t\t\t\t<\/div>\n\t\t\t\t<\/div>\n\t\t\t\t\t<\/div>\n\t\t<\/div>\n\t\t\t\t\t<\/div>\n\t\t<\/section>\n\t\t\t\t<section class=\"elementor-section elementor-top-section elementor-element elementor-element-2fc1860 elementor-section-boxed elementor-section-height-default elementor-section-height-default\" data-id=\"2fc1860\" data-element_type=\"section\">\n\t\t\t\t\t\t<div class=\"elementor-container elementor-column-gap-default\">\n\t\t\t\t\t<div class=\"elementor-column elementor-col-100 elementor-top-column elementor-element elementor-element-6a954c4\" data-id=\"6a954c4\" data-element_type=\"column\">\n\t\t\t<div class=\"elementor-widget-wrap elementor-element-populated\">\n\t\t\t\t\t\t<div class=\"elementor-element elementor-element-d0050bb elementor-widget elementor-widget-text-editor\" data-id=\"d0050bb\" data-element_type=\"widget\" data-widget_type=\"text-editor.default\">\n\t\t\t\t<div class=\"elementor-widget-container\">\n\t\t\t\t\t\t\t\t\t<p>Die Besteigung des Glockenturms vom M\u00fcnster und den Schlossbergturm haben wir heute links liegen gelassen, weil wir diese bereits 2006 betiegen haben. Nachfolgend die Bilder von damals.<\/p>\t\t\t\t\t\t\t\t<\/div>\n\t\t\t\t<\/div>\n\t\t\t\t<div class=\"elementor-element elementor-element-7cb29bc elementor-widget elementor-widget-image-gallery\" data-id=\"7cb29bc\" data-element_type=\"widget\" data-widget_type=\"image-gallery.default\">\n\t\t\t\t<div class=\"elementor-widget-container\">\n\t\t\t\t\t\t\t<div class=\"elementor-image-gallery\">\n\t\t\t\n\t\t<style type=\"text\/css\">\n\t\t\t#gallery-7 {\n\t\t\t\tmargin: auto;\n\t\t\t}\n\t\t\t#gallery-7 .gallery-item {\n\t\t\t\tfloat: left;\n\t\t\t\tmargin-top: 10px;\n\t\t\t\ttext-align: center;\n\t\t\t\twidth: 20%;\n\t\t\t}\n\t\t\t#gallery-7 img {\n\t\t\t\tborder: 2px solid #cfcfcf;\n\t\t\t}\n\t\t\t#gallery-7 .gallery-caption {\n\t\t\t\tmargin-left: 0;\n\t\t\t}\n\t\t\t\/* see gallery_shortcode() in wp-includes\/media.php *\/\n\t\t<\/style>\n\t\t<div id='gallery-7' class='gallery galleryid-13298 gallery-columns-5 gallery-size-thumbnail'><dl class='gallery-item'>\n\t\t\t<dt class='gallery-icon landscape'>\n\t\t\t\t<a data-elementor-open-lightbox=\"yes\" data-elementor-lightbox-slideshow=\"7cb29bc\" data-elementor-lightbox-title=\"Freiburg 2006\" data-e-action-hash=\"#elementor-action%3Aaction%3Dlightbox%26settings%3DeyJpZCI6MTMzOTIsInVybCI6Imh0dHBzOlwvXC93d3cuYXJjYXJvLmNoXC93cC1jb250ZW50XC91cGxvYWRzXC8yMDIzXC8xMVwvRnJlaWJ1cmctMjAwNl8wNi5qcGciLCJzbGlkZXNob3ciOiI3Y2IyOWJjIn0%3D\" href='https:\/\/www.arcaro.ch\/wp-content\/uploads\/2023\/11\/Freiburg-2006_06.jpg'><img loading=\"lazy\" decoding=\"async\" width=\"150\" height=\"150\" src=\"https:\/\/www.arcaro.ch\/wp-content\/uploads\/2023\/11\/Freiburg-2006_06-150x150.jpg\" class=\"attachment-thumbnail size-thumbnail\" alt=\"\" \/><\/a>\n\t\t\t<\/dt><\/dl><dl class='gallery-item'>\n\t\t\t<dt class='gallery-icon portrait'>\n\t\t\t\t<a data-elementor-open-lightbox=\"yes\" data-elementor-lightbox-slideshow=\"7cb29bc\" data-elementor-lightbox-title=\"Freiburg 2006\" data-e-action-hash=\"#elementor-action%3Aaction%3Dlightbox%26settings%3DeyJpZCI6MTMzOTcsInVybCI6Imh0dHBzOlwvXC93d3cuYXJjYXJvLmNoXC93cC1jb250ZW50XC91cGxvYWRzXC8yMDIzXC8xMVwvRnJlaWJ1cmctMjAwNl8wMS5qcGciLCJzbGlkZXNob3ciOiI3Y2IyOWJjIn0%3D\" href='https:\/\/www.arcaro.ch\/wp-content\/uploads\/2023\/11\/Freiburg-2006_01.jpg'><img loading=\"lazy\" decoding=\"async\" width=\"150\" height=\"150\" src=\"https:\/\/www.arcaro.ch\/wp-content\/uploads\/2023\/11\/Freiburg-2006_01-150x150.jpg\" class=\"attachment-thumbnail size-thumbnail\" alt=\"\" \/><\/a>\n\t\t\t<\/dt><\/dl><dl class='gallery-item'>\n\t\t\t<dt class='gallery-icon landscape'>\n\t\t\t\t<a data-elementor-open-lightbox=\"yes\" data-elementor-lightbox-slideshow=\"7cb29bc\" data-elementor-lightbox-title=\"Freiburg 2006\" data-e-action-hash=\"#elementor-action%3Aaction%3Dlightbox%26settings%3DeyJpZCI6MTM0MDAsInVybCI6Imh0dHBzOlwvXC93d3cuYXJjYXJvLmNoXC93cC1jb250ZW50XC91cGxvYWRzXC8yMDIzXC8xMVwvRnJlaWJ1cmctMjAwNl8wNC5qcGciLCJzbGlkZXNob3ciOiI3Y2IyOWJjIn0%3D\" href='https:\/\/www.arcaro.ch\/wp-content\/uploads\/2023\/11\/Freiburg-2006_04.jpg'><img loading=\"lazy\" decoding=\"async\" width=\"150\" height=\"150\" src=\"https:\/\/www.arcaro.ch\/wp-content\/uploads\/2023\/11\/Freiburg-2006_04-150x150.jpg\" class=\"attachment-thumbnail size-thumbnail\" alt=\"\" \/><\/a>\n\t\t\t<\/dt><\/dl><dl class='gallery-item'>\n\t\t\t<dt class='gallery-icon portrait'>\n\t\t\t\t<a data-elementor-open-lightbox=\"yes\" data-elementor-lightbox-slideshow=\"7cb29bc\" data-elementor-lightbox-title=\"Freiburg 2006\" data-e-action-hash=\"#elementor-action%3Aaction%3Dlightbox%26settings%3DeyJpZCI6MTMzOTEsInVybCI6Imh0dHBzOlwvXC93d3cuYXJjYXJvLmNoXC93cC1jb250ZW50XC91cGxvYWRzXC8yMDIzXC8xMVwvRnJlaWJ1cmctMjAwNl8wNS5qcGciLCJzbGlkZXNob3ciOiI3Y2IyOWJjIn0%3D\" href='https:\/\/www.arcaro.ch\/wp-content\/uploads\/2023\/11\/Freiburg-2006_05.jpg'><img loading=\"lazy\" decoding=\"async\" width=\"150\" height=\"150\" src=\"https:\/\/www.arcaro.ch\/wp-content\/uploads\/2023\/11\/Freiburg-2006_05-150x150.jpg\" class=\"attachment-thumbnail size-thumbnail\" alt=\"\" \/><\/a>\n\t\t\t<\/dt><\/dl><dl class='gallery-item'>\n\t\t\t<dt class='gallery-icon landscape'>\n\t\t\t\t<a data-elementor-open-lightbox=\"yes\" data-elementor-lightbox-slideshow=\"7cb29bc\" data-elementor-lightbox-title=\"Freiburg 2006\" data-e-action-hash=\"#elementor-action%3Aaction%3Dlightbox%26settings%3DeyJpZCI6MTMzOTYsInVybCI6Imh0dHBzOlwvXC93d3cuYXJjYXJvLmNoXC93cC1jb250ZW50XC91cGxvYWRzXC8yMDIzXC8xMVwvRnJlaWJ1cmctMjAwNl8xMC5qcGciLCJzbGlkZXNob3ciOiI3Y2IyOWJjIn0%3D\" href='https:\/\/www.arcaro.ch\/wp-content\/uploads\/2023\/11\/Freiburg-2006_10.jpg'><img loading=\"lazy\" decoding=\"async\" width=\"150\" height=\"150\" src=\"https:\/\/www.arcaro.ch\/wp-content\/uploads\/2023\/11\/Freiburg-2006_10-150x150.jpg\" class=\"attachment-thumbnail size-thumbnail\" alt=\"\" \/><\/a>\n\t\t\t<\/dt><\/dl><br style=\"clear: both\" \/><dl class='gallery-item'>\n\t\t\t<dt class='gallery-icon landscape'>\n\t\t\t\t<a data-elementor-open-lightbox=\"yes\" data-elementor-lightbox-slideshow=\"7cb29bc\" data-elementor-lightbox-title=\"Freiburg 2006\" data-e-action-hash=\"#elementor-action%3Aaction%3Dlightbox%26settings%3DeyJpZCI6MTMzOTksInVybCI6Imh0dHBzOlwvXC93d3cuYXJjYXJvLmNoXC93cC1jb250ZW50XC91cGxvYWRzXC8yMDIzXC8xMVwvRnJlaWJ1cmctMjAwNl8wMy5qcGciLCJzbGlkZXNob3ciOiI3Y2IyOWJjIn0%3D\" href='https:\/\/www.arcaro.ch\/wp-content\/uploads\/2023\/11\/Freiburg-2006_03.jpg'><img loading=\"lazy\" decoding=\"async\" width=\"150\" height=\"150\" src=\"https:\/\/www.arcaro.ch\/wp-content\/uploads\/2023\/11\/Freiburg-2006_03-150x150.jpg\" class=\"attachment-thumbnail size-thumbnail\" alt=\"\" \/><\/a>\n\t\t\t<\/dt><\/dl><dl class='gallery-item'>\n\t\t\t<dt class='gallery-icon landscape'>\n\t\t\t\t<a data-elementor-open-lightbox=\"yes\" data-elementor-lightbox-slideshow=\"7cb29bc\" data-elementor-lightbox-title=\"Freiburg 2006\" data-e-action-hash=\"#elementor-action%3Aaction%3Dlightbox%26settings%3DeyJpZCI6MTMzOTgsInVybCI6Imh0dHBzOlwvXC93d3cuYXJjYXJvLmNoXC93cC1jb250ZW50XC91cGxvYWRzXC8yMDIzXC8xMVwvRnJlaWJ1cmctMjAwNl8wMi5qcGciLCJzbGlkZXNob3ciOiI3Y2IyOWJjIn0%3D\" href='https:\/\/www.arcaro.ch\/wp-content\/uploads\/2023\/11\/Freiburg-2006_02.jpg'><img loading=\"lazy\" decoding=\"async\" width=\"150\" height=\"150\" src=\"https:\/\/www.arcaro.ch\/wp-content\/uploads\/2023\/11\/Freiburg-2006_02-150x150.jpg\" class=\"attachment-thumbnail size-thumbnail\" alt=\"\" \/><\/a>\n\t\t\t<\/dt><\/dl><dl class='gallery-item'>\n\t\t\t<dt class='gallery-icon landscape'>\n\t\t\t\t<a data-elementor-open-lightbox=\"yes\" data-elementor-lightbox-slideshow=\"7cb29bc\" data-elementor-lightbox-title=\"Freiburg 2006\" data-e-action-hash=\"#elementor-action%3Aaction%3Dlightbox%26settings%3DeyJpZCI6MTMzOTUsInVybCI6Imh0dHBzOlwvXC93d3cuYXJjYXJvLmNoXC93cC1jb250ZW50XC91cGxvYWRzXC8yMDIzXC8xMVwvRnJlaWJ1cmctMjAwNl8wOS5qcGciLCJzbGlkZXNob3ciOiI3Y2IyOWJjIn0%3D\" href='https:\/\/www.arcaro.ch\/wp-content\/uploads\/2023\/11\/Freiburg-2006_09.jpg'><img loading=\"lazy\" decoding=\"async\" width=\"150\" height=\"150\" src=\"https:\/\/www.arcaro.ch\/wp-content\/uploads\/2023\/11\/Freiburg-2006_09-150x150.jpg\" class=\"attachment-thumbnail size-thumbnail\" alt=\"\" \/><\/a>\n\t\t\t<\/dt><\/dl><dl class='gallery-item'>\n\t\t\t<dt class='gallery-icon landscape'>\n\t\t\t\t<a data-elementor-open-lightbox=\"yes\" data-elementor-lightbox-slideshow=\"7cb29bc\" data-elementor-lightbox-title=\"Freiburg 2006\" data-e-action-hash=\"#elementor-action%3Aaction%3Dlightbox%26settings%3DeyJpZCI6MTMzOTMsInVybCI6Imh0dHBzOlwvXC93d3cuYXJjYXJvLmNoXC93cC1jb250ZW50XC91cGxvYWRzXC8yMDIzXC8xMVwvRnJlaWJ1cmctMjAwNl8wNy5qcGciLCJzbGlkZXNob3ciOiI3Y2IyOWJjIn0%3D\" href='https:\/\/www.arcaro.ch\/wp-content\/uploads\/2023\/11\/Freiburg-2006_07.jpg'><img loading=\"lazy\" decoding=\"async\" width=\"150\" height=\"150\" src=\"https:\/\/www.arcaro.ch\/wp-content\/uploads\/2023\/11\/Freiburg-2006_07-150x150.jpg\" class=\"attachment-thumbnail size-thumbnail\" alt=\"\" \/><\/a>\n\t\t\t<\/dt><\/dl><dl class='gallery-item'>\n\t\t\t<dt class='gallery-icon landscape'>\n\t\t\t\t<a data-elementor-open-lightbox=\"yes\" data-elementor-lightbox-slideshow=\"7cb29bc\" data-elementor-lightbox-title=\"Freiburg 2006\" data-e-action-hash=\"#elementor-action%3Aaction%3Dlightbox%26settings%3DeyJpZCI6MTMzOTQsInVybCI6Imh0dHBzOlwvXC93d3cuYXJjYXJvLmNoXC93cC1jb250ZW50XC91cGxvYWRzXC8yMDIzXC8xMVwvRnJlaWJ1cmctMjAwNl8wOC5qcGciLCJzbGlkZXNob3ciOiI3Y2IyOWJjIn0%3D\" href='https:\/\/www.arcaro.ch\/wp-content\/uploads\/2023\/11\/Freiburg-2006_08.jpg'><img loading=\"lazy\" decoding=\"async\" width=\"150\" height=\"150\" src=\"https:\/\/www.arcaro.ch\/wp-content\/uploads\/2023\/11\/Freiburg-2006_08-150x150.jpg\" class=\"attachment-thumbnail size-thumbnail\" alt=\"\" \/><\/a>\n\t\t\t<\/dt><\/dl><br style=\"clear: both\" \/>\n\t\t<\/div>\n\t\t<\/div>\n\t\t\t\t\t\t<\/div>\n\t\t\t\t<\/div>\n\t\t\t\t\t<\/div>\n\t\t<\/div>\n\t\t\t\t\t<\/div>\n\t\t<\/section>\n\t\t\t\t<section class=\"elementor-section elementor-top-section elementor-element elementor-element-32f1e33 elementor-section-boxed elementor-section-height-default elementor-section-height-default\" data-id=\"32f1e33\" data-element_type=\"section\">\n\t\t\t\t\t\t<div class=\"elementor-container elementor-column-gap-default\">\n\t\t\t\t\t<div class=\"elementor-column elementor-col-100 elementor-top-column elementor-element elementor-element-6d7a52e\" data-id=\"6d7a52e\" data-element_type=\"column\">\n\t\t\t<div class=\"elementor-widget-wrap elementor-element-populated\">\n\t\t\t\t\t\t<div class=\"elementor-element elementor-element-df99db9 elementor-widget elementor-widget-text-editor\" data-id=\"df99db9\" data-element_type=\"widget\" data-widget_type=\"text-editor.default\">\n\t\t\t\t<div class=\"elementor-widget-container\">\n\t\t\t\t\t\t\t\t\t<p>Der Camping Kurz-Trip neigt sich wieder dem Ende zu und wir fahren mit vielen Eindr\u00fccken wieder nach Hause.<\/p>\t\t\t\t\t\t\t\t<\/div>\n\t\t\t\t<\/div>\n\t\t\t\t\t<\/div>\n\t\t<\/div>\n\t\t\t\t\t<\/div>\n\t\t<\/section>\n\t\t\t\t<\/div>\n\t\t","protected":false},"excerpt":{"rendered":"<p>Nun ist er doch noch gekommen &#8211; der Herbst. Lange wollte sich der Sommer dieses Jahr nicht verabschieden. Wir haben ein paar terminfreie Tage vor uns, so machen wir uns mit unserem Wohnmobil auf Richtung Norden, in den Schwarzwald. Unser erstes Ziel ist Schluchsee mit dem gleichnamigen Campingplatz. Auf der ganzen Fahrt giesst es wie&hellip; <br \/> <a class=\"read-more\" href=\"https:\/\/www.arcaro.ch\/?p=13298\">Weiterlesen<\/a><\/p>\n","protected":false},"author":2,"featured_media":13302,"comment_status":"open","ping_status":"closed","sticky":false,"template":"","format":"standard","meta":{"footnotes":""},"categories":[5,10],"tags":[13,52,14,12],"class_list":["post-13298","post","type-post","status-publish","format-standard","has-post-thumbnail","hentry","category-camping","category-zu-fuss","tag-camping","tag-deutschland","tag-schwarzwald","tag-wandern"],"_links":{"self":[{"href":"https:\/\/www.arcaro.ch\/index.php?rest_route=\/wp\/v2\/posts\/13298"}],"collection":[{"href":"https:\/\/www.arcaro.ch\/index.php?rest_route=\/wp\/v2\/posts"}],"about":[{"href":"https:\/\/www.arcaro.ch\/index.php?rest_route=\/wp\/v2\/types\/post"}],"author":[{"embeddable":true,"href":"https:\/\/www.arcaro.ch\/index.php?rest_route=\/wp\/v2\/users\/2"}],"replies":[{"embeddable":true,"href":"https:\/\/www.arcaro.ch\/index.php?rest_route=%2Fwp%2Fv2%2Fcomments&post=13298"}],"version-history":[{"count":61,"href":"https:\/\/www.arcaro.ch\/index.php?rest_route=\/wp\/v2\/posts\/13298\/revisions"}],"predecessor-version":[{"id":13478,"href":"https:\/\/www.arcaro.ch\/index.php?rest_route=\/wp\/v2\/posts\/13298\/revisions\/13478"}],"wp:featuredmedia":[{"embeddable":true,"href":"https:\/\/www.arcaro.ch\/index.php?rest_route=\/wp\/v2\/media\/13302"}],"wp:attachment":[{"href":"https:\/\/www.arcaro.ch\/index.php?rest_route=%2Fwp%2Fv2%2Fmedia&parent=13298"}],"wp:term":[{"taxonomy":"category","embeddable":true,"href":"https:\/\/www.arcaro.ch\/index.php?rest_route=%2Fwp%2Fv2%2Fcategories&post=13298"},{"taxonomy":"post_tag","embeddable":true,"href":"https:\/\/www.arcaro.ch\/index.php?rest_route=%2Fwp%2Fv2%2Ftags&post=13298"}],"curies":[{"name":"wp","href":"https:\/\/api.w.org\/{rel}","templated":true}]}}