{"id":14584,"date":"2024-09-15T12:09:59","date_gmt":"2024-09-15T11:09:59","guid":{"rendered":"https:\/\/www.arcaro.ch\/?p=14584"},"modified":"2024-09-16T11:31:49","modified_gmt":"2024-09-16T10:31:49","slug":"auf-am-und-ueber-dem-vierwaldstaettersee","status":"publish","type":"post","link":"https:\/\/www.arcaro.ch\/?p=14584","title":{"rendered":"Am, \u00fcber und auf dem Vierwaldst\u00e4ttersee"},"content":{"rendered":"\t\t<div data-elementor-type=\"wp-post\" data-elementor-id=\"14584\" class=\"elementor elementor-14584\">\n\t\t\t\t\t\t<section class=\"elementor-section elementor-top-section elementor-element elementor-element-dbbf228 elementor-section-boxed elementor-section-height-default elementor-section-height-default\" data-id=\"dbbf228\" data-element_type=\"section\">\n\t\t\t\t\t\t<div class=\"elementor-container elementor-column-gap-default\">\n\t\t\t\t\t<div class=\"elementor-column elementor-col-100 elementor-top-column elementor-element elementor-element-f44b244\" data-id=\"f44b244\" data-element_type=\"column\">\n\t\t\t<div class=\"elementor-widget-wrap elementor-element-populated\">\n\t\t\t\t\t\t<div class=\"elementor-element elementor-element-0eb2a75 elementor-widget elementor-widget-text-editor\" data-id=\"0eb2a75\" data-element_type=\"widget\" data-widget_type=\"text-editor.default\">\n\t\t\t\t<div class=\"elementor-widget-container\">\n\t\t\t\t\t\t\t\t\t<p><strong>Einen Kurztrip in die Zentralschweiz.<\/strong> <\/p><p>Die Innerschweiz, wie sie auch genannt wird, besteht nicht nur aus der Sage von Wilhelm Tell, dem Pilatus mit der steilsten Zahnradbahn der Welt und der Rigi, der K\u00f6nigin der Berge. An den Ufern l\u00e4sst es sich tagelang wandern und rundherum stehen viele Berge zur Eroberung bereit. Doch die Region hat noch viel mehr zu bieten: Historische St\u00e4dtchen wie Luzern und Altdorf sind charmante Zeitzeugen der Geschichte, w\u00e4hrend die beeindruckenden Seen wie der Vierwaldst\u00e4ttersee und der Zugersee perfekte Kulissen f\u00fcr Erholung und Wassersport bieten.<\/p><p>Die Innerschweiz ist auch bekannt f\u00fcr ihre traditionellen Feste, k\u00f6stliche regionale K\u00fcche und lebendige Kultur. Die Mischung aus nat\u00fcrlicher Sch\u00f6nheit, kulturellem Erbe und Outdoor-Aktivit\u00e4ten macht die Innerschweiz zu einem faszinierenden Reiseziel f\u00fcr alle, die sowohl Abenteuer als auch Entspannung suchen. Egal ob beim Skifahren im Winter oder beim Wandern im Sommer \u2013 die Innerschweiz hat f\u00fcr jeden Geschmack etwas zu bieten.<\/p><p>Wir fangen mit einer kleinen Uferwanderung von unserem Campingplatz in Buochs bis nach Beckenried an.<\/p>\t\t\t\t\t\t\t\t<\/div>\n\t\t\t\t<\/div>\n\t\t\t\t\t<\/div>\n\t\t<\/div>\n\t\t\t\t\t<\/div>\n\t\t<\/section>\n\t\t\t\t<section class=\"elementor-section elementor-top-section elementor-element elementor-element-865e20f elementor-section-boxed elementor-section-height-default elementor-section-height-default\" data-id=\"865e20f\" data-element_type=\"section\">\n\t\t\t\t\t\t<div class=\"elementor-container elementor-column-gap-default\">\n\t\t\t\t\t<div class=\"elementor-column elementor-col-100 elementor-top-column elementor-element elementor-element-f2bae77\" data-id=\"f2bae77\" data-element_type=\"column\">\n\t\t\t<div class=\"elementor-widget-wrap elementor-element-populated\">\n\t\t\t\t\t\t<div class=\"elementor-element elementor-element-47c1d6a elementor-widget elementor-widget-image\" data-id=\"47c1d6a\" data-element_type=\"widget\" data-widget_type=\"image.default\">\n\t\t\t\t<div class=\"elementor-widget-container\">\n\t\t\t\t\t\t\t\t\t\t\t\t\t\t\t<img fetchpriority=\"high\" decoding=\"async\" width=\"1024\" height=\"445\" src=\"https:\/\/www.arcaro.ch\/wp-content\/uploads\/2024\/09\/Buochs-Beckenried-0-1024x445.jpg\" class=\"attachment-large size-large wp-image-14592\" alt=\"\" srcset=\"https:\/\/www.arcaro.ch\/wp-content\/uploads\/2024\/09\/Buochs-Beckenried-0-1024x445.jpg 1024w, https:\/\/www.arcaro.ch\/wp-content\/uploads\/2024\/09\/Buochs-Beckenried-0-300x130.jpg 300w, https:\/\/www.arcaro.ch\/wp-content\/uploads\/2024\/09\/Buochs-Beckenried-0-768x334.jpg 768w, https:\/\/www.arcaro.ch\/wp-content\/uploads\/2024\/09\/Buochs-Beckenried-0-1536x668.jpg 1536w, https:\/\/www.arcaro.ch\/wp-content\/uploads\/2024\/09\/Buochs-Beckenried-0.jpg 1791w\" sizes=\"(max-width: 1024px) 100vw, 1024px\" \/>\t\t\t\t\t\t\t\t\t\t\t\t\t\t\t<\/div>\n\t\t\t\t<\/div>\n\t\t\t\t<div class=\"elementor-element elementor-element-354e338 elementor-widget elementor-widget-text-editor\" data-id=\"354e338\" data-element_type=\"widget\" data-widget_type=\"text-editor.default\">\n\t\t\t\t<div class=\"elementor-widget-container\">\n\t\t\t\t\t\t\t\t\t<p style=\"text-align: center;\">Der Vierwaldst\u00e4ttersee und oben der Zugersee.<\/p>\t\t\t\t\t\t\t\t<\/div>\n\t\t\t\t<\/div>\n\t\t\t\t<div class=\"elementor-element elementor-element-382ff8b elementor-widget elementor-widget-image\" data-id=\"382ff8b\" data-element_type=\"widget\" data-widget_type=\"image.default\">\n\t\t\t\t<div class=\"elementor-widget-container\">\n\t\t\t\t\t\t\t\t\t\t\t\t\t\t\t<img decoding=\"async\" width=\"1024\" height=\"445\" src=\"https:\/\/www.arcaro.ch\/wp-content\/uploads\/2024\/09\/Buochs-Beckenried-1024x445.jpg\" class=\"attachment-large size-large wp-image-14593\" alt=\"\" srcset=\"https:\/\/www.arcaro.ch\/wp-content\/uploads\/2024\/09\/Buochs-Beckenried-1024x445.jpg 1024w, https:\/\/www.arcaro.ch\/wp-content\/uploads\/2024\/09\/Buochs-Beckenried-300x130.jpg 300w, https:\/\/www.arcaro.ch\/wp-content\/uploads\/2024\/09\/Buochs-Beckenried-768x334.jpg 768w, https:\/\/www.arcaro.ch\/wp-content\/uploads\/2024\/09\/Buochs-Beckenried-1536x668.jpg 1536w, https:\/\/www.arcaro.ch\/wp-content\/uploads\/2024\/09\/Buochs-Beckenried.jpg 1791w\" sizes=\"(max-width: 1024px) 100vw, 1024px\" \/>\t\t\t\t\t\t\t\t\t\t\t\t\t\t\t<\/div>\n\t\t\t\t<\/div>\n\t\t\t\t\t<\/div>\n\t\t<\/div>\n\t\t\t\t\t<\/div>\n\t\t<\/section>\n\t\t\t\t<section class=\"elementor-section elementor-top-section elementor-element elementor-element-2733255 elementor-section-boxed elementor-section-height-default elementor-section-height-default\" data-id=\"2733255\" data-element_type=\"section\">\n\t\t\t\t\t\t<div class=\"elementor-container elementor-column-gap-default\">\n\t\t\t\t\t<div class=\"elementor-column elementor-col-100 elementor-top-column elementor-element elementor-element-66d7771\" data-id=\"66d7771\" data-element_type=\"column\">\n\t\t\t<div class=\"elementor-widget-wrap elementor-element-populated\">\n\t\t\t\t\t\t<div class=\"elementor-element elementor-element-89b04b0 elementor-widget elementor-widget-text-editor\" data-id=\"89b04b0\" data-element_type=\"widget\" data-widget_type=\"text-editor.default\">\n\t\t\t\t<div class=\"elementor-widget-container\">\n\t\t\t\t\t\t\t\t\t<p style=\"text-align: center;\">Der kurze Spaziergang dem See entlang.<\/p>\t\t\t\t\t\t\t\t<\/div>\n\t\t\t\t<\/div>\n\t\t\t\t<div class=\"elementor-element elementor-element-7a28d38 elementor-widget elementor-widget-text-editor\" data-id=\"7a28d38\" data-element_type=\"widget\" data-widget_type=\"text-editor.default\">\n\t\t\t\t<div class=\"elementor-widget-container\">\n\t\t\t\t\t\t\t\t\t<p>Eigentlich war f\u00fcr heute ein Ausflug in die Berge geplant. Die Berge sind jedoch wolkenverhangen und lassen keine gute Sicht zu.<br \/>So machten wir uns auf Schusters Rappen auf den Weg.<\/p>\t\t\t\t\t\t\t\t<\/div>\n\t\t\t\t<\/div>\n\t\t\t\t<div class=\"elementor-element elementor-element-809ff72 elementor-widget elementor-widget-image\" data-id=\"809ff72\" data-element_type=\"widget\" data-widget_type=\"image.default\">\n\t\t\t\t<div class=\"elementor-widget-container\">\n\t\t\t\t\t\t\t\t\t\t\t\t\t\t\t<img decoding=\"async\" width=\"1000\" height=\"450\" src=\"https:\/\/www.arcaro.ch\/wp-content\/uploads\/2024\/09\/TCS-Camping-Buochs.jpg\" class=\"attachment-large size-large wp-image-14597\" alt=\"\" srcset=\"https:\/\/www.arcaro.ch\/wp-content\/uploads\/2024\/09\/TCS-Camping-Buochs.jpg 1000w, https:\/\/www.arcaro.ch\/wp-content\/uploads\/2024\/09\/TCS-Camping-Buochs-300x135.jpg 300w, https:\/\/www.arcaro.ch\/wp-content\/uploads\/2024\/09\/TCS-Camping-Buochs-768x346.jpg 768w\" sizes=\"(max-width: 1000px) 100vw, 1000px\" \/>\t\t\t\t\t\t\t\t\t\t\t\t\t\t\t<\/div>\n\t\t\t\t<\/div>\n\t\t\t\t\t<\/div>\n\t\t<\/div>\n\t\t\t\t\t<\/div>\n\t\t<\/section>\n\t\t\t\t<section class=\"elementor-section elementor-top-section elementor-element elementor-element-bfd50d2 elementor-section-boxed elementor-section-height-default elementor-section-height-default\" data-id=\"bfd50d2\" data-element_type=\"section\">\n\t\t\t\t\t\t<div class=\"elementor-container elementor-column-gap-default\">\n\t\t\t\t\t<div class=\"elementor-column elementor-col-100 elementor-top-column elementor-element elementor-element-58c6cc5\" data-id=\"58c6cc5\" data-element_type=\"column\">\n\t\t\t<div class=\"elementor-widget-wrap elementor-element-populated\">\n\t\t\t\t\t\t<div class=\"elementor-element elementor-element-3af29ce elementor-widget elementor-widget-video\" data-id=\"3af29ce\" data-element_type=\"widget\" data-settings=\"{&quot;youtube_url&quot;:&quot;https:\\\/\\\/youtu.be\\\/36U91PA0kks&quot;,&quot;video_type&quot;:&quot;youtube&quot;,&quot;controls&quot;:&quot;yes&quot;}\" data-widget_type=\"video.default\">\n\t\t\t\t<div class=\"elementor-widget-container\">\n\t\t\t\t\t\t\t<div class=\"elementor-wrapper elementor-open-inline\">\n\t\t\t<div class=\"elementor-video\"><\/div>\t\t<\/div>\n\t\t\t\t\t\t<\/div>\n\t\t\t\t<\/div>\n\t\t\t\t<div class=\"elementor-element elementor-element-b3fb7ab elementor-widget-divider--view-line elementor-widget elementor-widget-divider\" data-id=\"b3fb7ab\" data-element_type=\"widget\" data-widget_type=\"divider.default\">\n\t\t\t\t<div class=\"elementor-widget-container\">\n\t\t\t\t\t\t\t<div class=\"elementor-divider\">\n\t\t\t<span class=\"elementor-divider-separator\">\n\t\t\t\t\t\t<\/span>\n\t\t<\/div>\n\t\t\t\t\t\t<\/div>\n\t\t\t\t<\/div>\n\t\t\t\t\t<\/div>\n\t\t<\/div>\n\t\t\t\t\t<\/div>\n\t\t<\/section>\n\t\t\t\t<section class=\"elementor-section elementor-top-section elementor-element elementor-element-d125303 elementor-section-boxed elementor-section-height-default elementor-section-height-default\" data-id=\"d125303\" data-element_type=\"section\">\n\t\t\t\t\t\t<div class=\"elementor-container elementor-column-gap-default\">\n\t\t\t\t\t<div class=\"elementor-column elementor-col-100 elementor-top-column elementor-element elementor-element-5ede94e\" data-id=\"5ede94e\" data-element_type=\"column\">\n\t\t\t<div class=\"elementor-widget-wrap elementor-element-populated\">\n\t\t\t\t\t\t<div class=\"elementor-element elementor-element-0d98d8a elementor-widget elementor-widget-text-editor\" data-id=\"0d98d8a\" data-element_type=\"widget\" data-widget_type=\"text-editor.default\">\n\t\t\t\t<div class=\"elementor-widget-container\">\n\t\t\t\t\t\t\t\t\t<p><strong>Der n\u00e4chste Morgen<\/strong><\/p><p>Heute sieht es super aus. Stahlblauer Himmel l\u00e4dt zu einer Wanderung in der H\u00f6he ein.<br \/>Unser Ziel heute ist die Klewenalp. Wir werden von der Bergstation der Luftseilbahn &#8222;Beckenried-Klewenalp&#8220; zur Stockh\u00fctte wandern. Gem\u00e4ss Beschreibung, eine nicht allzu anstrengende Passage. Man sollte jedoch gutes Schuhwerk haben und trittsicher sein. Also nichts f\u00fcr Kinderwagen. F\u00fcr die gibt es eine Ausweichrute.<\/p><p>Also los geht.<\/p>\t\t\t\t\t\t\t\t<\/div>\n\t\t\t\t<\/div>\n\t\t\t\t\t<\/div>\n\t\t<\/div>\n\t\t\t\t\t<\/div>\n\t\t<\/section>\n\t\t\t\t<section class=\"elementor-section elementor-top-section elementor-element elementor-element-fe7c2ff elementor-section-boxed elementor-section-height-default elementor-section-height-default\" data-id=\"fe7c2ff\" data-element_type=\"section\">\n\t\t\t\t\t\t<div class=\"elementor-container elementor-column-gap-default\">\n\t\t\t\t\t<div class=\"elementor-column elementor-col-100 elementor-top-column elementor-element elementor-element-fbbd2ed\" data-id=\"fbbd2ed\" data-element_type=\"column\">\n\t\t\t<div class=\"elementor-widget-wrap elementor-element-populated\">\n\t\t\t\t\t\t<div class=\"elementor-element elementor-element-f59f976 elementor-widget elementor-widget-video\" data-id=\"f59f976\" data-element_type=\"widget\" data-settings=\"{&quot;youtube_url&quot;:&quot;https:\\\/\\\/youtu.be\\\/Hy2qovNOr1A&quot;,&quot;video_type&quot;:&quot;youtube&quot;,&quot;controls&quot;:&quot;yes&quot;}\" data-widget_type=\"video.default\">\n\t\t\t\t<div class=\"elementor-widget-container\">\n\t\t\t\t\t\t\t<div class=\"elementor-wrapper elementor-open-inline\">\n\t\t\t<div class=\"elementor-video\"><\/div>\t\t<\/div>\n\t\t\t\t\t\t<\/div>\n\t\t\t\t<\/div>\n\t\t\t\t<div class=\"elementor-element elementor-element-20b910b elementor-widget-divider--view-line elementor-widget elementor-widget-divider\" data-id=\"20b910b\" data-element_type=\"widget\" data-widget_type=\"divider.default\">\n\t\t\t\t<div class=\"elementor-widget-container\">\n\t\t\t\t\t\t\t<div class=\"elementor-divider\">\n\t\t\t<span class=\"elementor-divider-separator\">\n\t\t\t\t\t\t<\/span>\n\t\t<\/div>\n\t\t\t\t\t\t<\/div>\n\t\t\t\t<\/div>\n\t\t\t\t\t<\/div>\n\t\t<\/div>\n\t\t\t\t\t<\/div>\n\t\t<\/section>\n\t\t\t\t<section class=\"elementor-section elementor-top-section elementor-element elementor-element-5b97254 elementor-section-boxed elementor-section-height-default elementor-section-height-default\" data-id=\"5b97254\" data-element_type=\"section\">\n\t\t\t\t\t\t<div class=\"elementor-container elementor-column-gap-default\">\n\t\t\t\t\t<div class=\"elementor-column elementor-col-100 elementor-top-column elementor-element elementor-element-41dd7ad\" data-id=\"41dd7ad\" data-element_type=\"column\">\n\t\t\t<div class=\"elementor-widget-wrap elementor-element-populated\">\n\t\t\t\t\t\t<div class=\"elementor-element elementor-element-1dc5b39 elementor-widget elementor-widget-text-editor\" data-id=\"1dc5b39\" data-element_type=\"widget\" data-widget_type=\"text-editor.default\">\n\t\t\t\t<div class=\"elementor-widget-container\">\n\t\t\t\t\t\t\t\t\t<p><strong>Heute ist Ruhetag<\/strong><\/p><p>Gegen Abend machen wir uns mit Bus und Zug auf den Weg nach Luzern. Wir haben eine &#8222;Sonnenuntergang Schifffahrt&#8220; gebucht. Das Wetter spielt heute auch wieder mit. Die ca. 2-st\u00fcndige Vierwaldst\u00e4ttersee-Rundfahrt wird mit einem k\u00f6stlichen Dinner an Bord vervollst\u00e4ndigt.<\/p>\t\t\t\t\t\t\t\t<\/div>\n\t\t\t\t<\/div>\n\t\t\t\t\t<\/div>\n\t\t<\/div>\n\t\t\t\t\t<\/div>\n\t\t<\/section>\n\t\t\t\t<section class=\"elementor-section elementor-top-section elementor-element elementor-element-a7b0521 elementor-section-boxed elementor-section-height-default elementor-section-height-default\" data-id=\"a7b0521\" data-element_type=\"section\">\n\t\t\t\t\t\t<div class=\"elementor-container elementor-column-gap-default\">\n\t\t\t\t\t<div class=\"elementor-column elementor-col-100 elementor-top-column elementor-element elementor-element-cd8de45\" data-id=\"cd8de45\" data-element_type=\"column\">\n\t\t\t<div class=\"elementor-widget-wrap elementor-element-populated\">\n\t\t\t\t\t\t<div class=\"elementor-element elementor-element-085abda elementor-widget elementor-widget-image-gallery\" data-id=\"085abda\" data-element_type=\"widget\" data-widget_type=\"image-gallery.default\">\n\t\t\t\t<div class=\"elementor-widget-container\">\n\t\t\t\t\t\t\t<div class=\"elementor-image-gallery\">\n\t\t\t\n<a data-elementor-open-lightbox=\"yes\" data-elementor-lightbox-slideshow=\"085abda\" data-elementor-lightbox-title=\"Vierwaldst\u00e4ttersee-Schifffahrt\" data-e-action-hash=\"#elementor-action%3Aaction%3Dlightbox%26settings%3DeyJpZCI6MTQ2NzAsInVybCI6Imh0dHBzOlwvXC93d3cuYXJjYXJvLmNoXC93cC1jb250ZW50XC91cGxvYWRzXC8yMDI0XC8wOVwvU2NoaWZmZmFocnQtMC5qcGciLCJzbGlkZXNob3ciOiIwODVhYmRhIn0%3D\" href='https:\/\/www.arcaro.ch\/wp-content\/uploads\/2024\/09\/Schifffahrt-0.jpg'><img loading=\"lazy\" decoding=\"async\" width=\"1000\" height=\"450\" src=\"https:\/\/www.arcaro.ch\/wp-content\/uploads\/2024\/09\/Schifffahrt-0.jpg\" class=\"attachment-full size-full\" alt=\"\" srcset=\"https:\/\/www.arcaro.ch\/wp-content\/uploads\/2024\/09\/Schifffahrt-0.jpg 1000w, https:\/\/www.arcaro.ch\/wp-content\/uploads\/2024\/09\/Schifffahrt-0-300x135.jpg 300w, https:\/\/www.arcaro.ch\/wp-content\/uploads\/2024\/09\/Schifffahrt-0-768x346.jpg 768w\" sizes=\"(max-width: 1000px) 100vw, 1000px\" \/><\/a>\n<a data-elementor-open-lightbox=\"yes\" data-elementor-lightbox-slideshow=\"085abda\" data-elementor-lightbox-title=\"Vierwaldst\u00e4ttersee-Schifffahrt\" data-e-action-hash=\"#elementor-action%3Aaction%3Dlightbox%26settings%3DeyJpZCI6MTQ2NzEsInVybCI6Imh0dHBzOlwvXC93d3cuYXJjYXJvLmNoXC93cC1jb250ZW50XC91cGxvYWRzXC8yMDI0XC8wOVwvU2NoaWZmZmFocnQtMS5qcGciLCJzbGlkZXNob3ciOiIwODVhYmRhIn0%3D\" href='https:\/\/www.arcaro.ch\/wp-content\/uploads\/2024\/09\/Schifffahrt-1.jpg'><img loading=\"lazy\" decoding=\"async\" width=\"1000\" height=\"450\" src=\"https:\/\/www.arcaro.ch\/wp-content\/uploads\/2024\/09\/Schifffahrt-1.jpg\" class=\"attachment-full size-full\" alt=\"\" srcset=\"https:\/\/www.arcaro.ch\/wp-content\/uploads\/2024\/09\/Schifffahrt-1.jpg 1000w, https:\/\/www.arcaro.ch\/wp-content\/uploads\/2024\/09\/Schifffahrt-1-300x135.jpg 300w, https:\/\/www.arcaro.ch\/wp-content\/uploads\/2024\/09\/Schifffahrt-1-768x346.jpg 768w\" sizes=\"(max-width: 1000px) 100vw, 1000px\" \/><\/a>\n<a data-elementor-open-lightbox=\"yes\" data-elementor-lightbox-slideshow=\"085abda\" data-elementor-lightbox-title=\"Vierwaldst\u00e4ttersee-Schifffahrt\" data-e-action-hash=\"#elementor-action%3Aaction%3Dlightbox%26settings%3DeyJpZCI6MTQ2NzIsInVybCI6Imh0dHBzOlwvXC93d3cuYXJjYXJvLmNoXC93cC1jb250ZW50XC91cGxvYWRzXC8yMDI0XC8wOVwvU2NoaWZmZmFocnQtMi5qcGciLCJzbGlkZXNob3ciOiIwODVhYmRhIn0%3D\" href='https:\/\/www.arcaro.ch\/wp-content\/uploads\/2024\/09\/Schifffahrt-2.jpg'><img loading=\"lazy\" decoding=\"async\" width=\"995\" height=\"527\" src=\"https:\/\/www.arcaro.ch\/wp-content\/uploads\/2024\/09\/Schifffahrt-2.jpg\" class=\"attachment-full size-full\" alt=\"\" srcset=\"https:\/\/www.arcaro.ch\/wp-content\/uploads\/2024\/09\/Schifffahrt-2.jpg 995w, https:\/\/www.arcaro.ch\/wp-content\/uploads\/2024\/09\/Schifffahrt-2-300x159.jpg 300w, https:\/\/www.arcaro.ch\/wp-content\/uploads\/2024\/09\/Schifffahrt-2-768x407.jpg 768w\" sizes=\"(max-width: 995px) 100vw, 995px\" \/><\/a>\n<a data-elementor-open-lightbox=\"yes\" data-elementor-lightbox-slideshow=\"085abda\" data-elementor-lightbox-title=\"Vierwaldst\u00e4ttersee-Schifffahrt\" data-e-action-hash=\"#elementor-action%3Aaction%3Dlightbox%26settings%3DeyJpZCI6MTQ2NzMsInVybCI6Imh0dHBzOlwvXC93d3cuYXJjYXJvLmNoXC93cC1jb250ZW50XC91cGxvYWRzXC8yMDI0XC8wOVwvU2NoaWZmZmFocnQtMy5qcGciLCJzbGlkZXNob3ciOiIwODVhYmRhIn0%3D\" href='https:\/\/www.arcaro.ch\/wp-content\/uploads\/2024\/09\/Schifffahrt-3.jpg'><img loading=\"lazy\" decoding=\"async\" width=\"996\" height=\"530\" src=\"https:\/\/www.arcaro.ch\/wp-content\/uploads\/2024\/09\/Schifffahrt-3.jpg\" class=\"attachment-full size-full\" alt=\"\" srcset=\"https:\/\/www.arcaro.ch\/wp-content\/uploads\/2024\/09\/Schifffahrt-3.jpg 996w, https:\/\/www.arcaro.ch\/wp-content\/uploads\/2024\/09\/Schifffahrt-3-300x160.jpg 300w, https:\/\/www.arcaro.ch\/wp-content\/uploads\/2024\/09\/Schifffahrt-3-768x409.jpg 768w\" sizes=\"(max-width: 996px) 100vw, 996px\" \/><\/a>\n<a data-elementor-open-lightbox=\"yes\" data-elementor-lightbox-slideshow=\"085abda\" data-elementor-lightbox-title=\"Vierwaldst\u00e4ttersee-Schifffahrt\" data-e-action-hash=\"#elementor-action%3Aaction%3Dlightbox%26settings%3DeyJpZCI6MTQ2NjcsInVybCI6Imh0dHBzOlwvXC93d3cuYXJjYXJvLmNoXC93cC1jb250ZW50XC91cGxvYWRzXC8yMDI0XC8wOVwvU2NoaWZmZmFocnQtNS5qcGciLCJzbGlkZXNob3ciOiIwODVhYmRhIn0%3D\" href='https:\/\/www.arcaro.ch\/wp-content\/uploads\/2024\/09\/Schifffahrt-5.jpg'><img loading=\"lazy\" decoding=\"async\" width=\"1000\" height=\"450\" src=\"https:\/\/www.arcaro.ch\/wp-content\/uploads\/2024\/09\/Schifffahrt-5.jpg\" class=\"attachment-full size-full\" alt=\"\" srcset=\"https:\/\/www.arcaro.ch\/wp-content\/uploads\/2024\/09\/Schifffahrt-5.jpg 1000w, https:\/\/www.arcaro.ch\/wp-content\/uploads\/2024\/09\/Schifffahrt-5-300x135.jpg 300w, https:\/\/www.arcaro.ch\/wp-content\/uploads\/2024\/09\/Schifffahrt-5-768x346.jpg 768w\" sizes=\"(max-width: 1000px) 100vw, 1000px\" \/><\/a>\n<a data-elementor-open-lightbox=\"yes\" data-elementor-lightbox-slideshow=\"085abda\" data-elementor-lightbox-title=\"Vierwaldst\u00e4ttersee-Schifffahrt\" data-e-action-hash=\"#elementor-action%3Aaction%3Dlightbox%26settings%3DeyJpZCI6MTQ2NjgsInVybCI6Imh0dHBzOlwvXC93d3cuYXJjYXJvLmNoXC93cC1jb250ZW50XC91cGxvYWRzXC8yMDI0XC8wOVwvU2NoaWZmZmFocnQtNi5qcGciLCJzbGlkZXNob3ciOiIwODVhYmRhIn0%3D\" href='https:\/\/www.arcaro.ch\/wp-content\/uploads\/2024\/09\/Schifffahrt-6.jpg'><img loading=\"lazy\" decoding=\"async\" width=\"1000\" height=\"450\" src=\"https:\/\/www.arcaro.ch\/wp-content\/uploads\/2024\/09\/Schifffahrt-6.jpg\" class=\"attachment-full size-full\" alt=\"\" srcset=\"https:\/\/www.arcaro.ch\/wp-content\/uploads\/2024\/09\/Schifffahrt-6.jpg 1000w, https:\/\/www.arcaro.ch\/wp-content\/uploads\/2024\/09\/Schifffahrt-6-300x135.jpg 300w, https:\/\/www.arcaro.ch\/wp-content\/uploads\/2024\/09\/Schifffahrt-6-768x346.jpg 768w\" sizes=\"(max-width: 1000px) 100vw, 1000px\" \/><\/a>\n<a data-elementor-open-lightbox=\"yes\" data-elementor-lightbox-slideshow=\"085abda\" data-elementor-lightbox-title=\"Vierwaldst\u00e4ttersee-Schifffahrt\" data-e-action-hash=\"#elementor-action%3Aaction%3Dlightbox%26settings%3DeyJpZCI6MTQ2NjksInVybCI6Imh0dHBzOlwvXC93d3cuYXJjYXJvLmNoXC93cC1jb250ZW50XC91cGxvYWRzXC8yMDI0XC8wOVwvU2NoaWZmZmFocnQtNy5qcGciLCJzbGlkZXNob3ciOiIwODVhYmRhIn0%3D\" href='https:\/\/www.arcaro.ch\/wp-content\/uploads\/2024\/09\/Schifffahrt-7.jpg'><img loading=\"lazy\" decoding=\"async\" width=\"1000\" height=\"450\" src=\"https:\/\/www.arcaro.ch\/wp-content\/uploads\/2024\/09\/Schifffahrt-7.jpg\" class=\"attachment-full size-full\" alt=\"\" srcset=\"https:\/\/www.arcaro.ch\/wp-content\/uploads\/2024\/09\/Schifffahrt-7.jpg 1000w, https:\/\/www.arcaro.ch\/wp-content\/uploads\/2024\/09\/Schifffahrt-7-300x135.jpg 300w, https:\/\/www.arcaro.ch\/wp-content\/uploads\/2024\/09\/Schifffahrt-7-768x346.jpg 768w\" sizes=\"(max-width: 1000px) 100vw, 1000px\" \/><\/a>\n<a data-elementor-open-lightbox=\"yes\" data-elementor-lightbox-slideshow=\"085abda\" data-elementor-lightbox-title=\"Vierwaldst\u00e4ttersee-Schifffahrt\" data-e-action-hash=\"#elementor-action%3Aaction%3Dlightbox%26settings%3DeyJpZCI6MTQ2NjYsInVybCI6Imh0dHBzOlwvXC93d3cuYXJjYXJvLmNoXC93cC1jb250ZW50XC91cGxvYWRzXC8yMDI0XC8wOVwvU2NoaWZmZmFocnQtNC5qcGciLCJzbGlkZXNob3ciOiIwODVhYmRhIn0%3D\" href='https:\/\/www.arcaro.ch\/wp-content\/uploads\/2024\/09\/Schifffahrt-4.jpg'><img loading=\"lazy\" decoding=\"async\" width=\"1000\" height=\"450\" src=\"https:\/\/www.arcaro.ch\/wp-content\/uploads\/2024\/09\/Schifffahrt-4.jpg\" class=\"attachment-full size-full\" alt=\"\" srcset=\"https:\/\/www.arcaro.ch\/wp-content\/uploads\/2024\/09\/Schifffahrt-4.jpg 1000w, https:\/\/www.arcaro.ch\/wp-content\/uploads\/2024\/09\/Schifffahrt-4-300x135.jpg 300w, https:\/\/www.arcaro.ch\/wp-content\/uploads\/2024\/09\/Schifffahrt-4-768x346.jpg 768w\" sizes=\"(max-width: 1000px) 100vw, 1000px\" \/><\/a>\n\t\t<\/div>\n\t\t\t\t\t\t<\/div>\n\t\t\t\t<\/div>\n\t\t\t\t<div class=\"elementor-element elementor-element-772ea0a elementor-widget-divider--view-line elementor-widget elementor-widget-divider\" data-id=\"772ea0a\" data-element_type=\"widget\" data-widget_type=\"divider.default\">\n\t\t\t\t<div class=\"elementor-widget-container\">\n\t\t\t\t\t\t\t<div class=\"elementor-divider\">\n\t\t\t<span class=\"elementor-divider-separator\">\n\t\t\t\t\t\t<\/span>\n\t\t<\/div>\n\t\t\t\t\t\t<\/div>\n\t\t\t\t<\/div>\n\t\t\t\t\t<\/div>\n\t\t<\/div>\n\t\t\t\t\t<\/div>\n\t\t<\/section>\n\t\t\t\t<section class=\"elementor-section elementor-top-section elementor-element elementor-element-23b9c6c elementor-section-boxed elementor-section-height-default elementor-section-height-default\" data-id=\"23b9c6c\" data-element_type=\"section\">\n\t\t\t\t\t\t<div class=\"elementor-container elementor-column-gap-default\">\n\t\t\t\t\t<div class=\"elementor-column elementor-col-100 elementor-top-column elementor-element elementor-element-83110a2\" data-id=\"83110a2\" data-element_type=\"column\">\n\t\t\t<div class=\"elementor-widget-wrap elementor-element-populated\">\n\t\t\t\t\t\t<div class=\"elementor-element elementor-element-875dfd8 elementor-widget elementor-widget-text-editor\" data-id=\"875dfd8\" data-element_type=\"widget\" data-widget_type=\"text-editor.default\">\n\t\t\t\t<div class=\"elementor-widget-container\">\n\t\t\t\t\t\t\t\t\t<p><strong>Heute steht Kultur auf dem Stundenplan<\/strong><\/p><p>Wir machen einen kleinen Stadtrundgang durch Luzern.<br \/>Wir beginnen die Tour an der Schiffsanlegestelle mit Blick auf das <strong>KKL<\/strong>, das Kultur- und Kongresszentrum Luzern. Der Konzertsaal mit 1840 Pl\u00e4tzen geh\u00f6rt zu den besten der Welt.<br \/>Weiter geht es Richtung Westen zur <strong>Kapellbr\u00fccke<\/strong> aus dem 14. Jahrhundert. Die Br\u00fccke fiel in der Nacht auf den 18. August 1993 einer Feuersbrunst zum Opfer, welche nach Vermutungen durch eine weggeworfene Zigarette ausgel\u00f6st wurde. Die Br\u00fccke wurde umgehend wiederaufgebaut, am 14. April 1994 eingeweiht und erneut f\u00fcr Fussg\u00e4nger freigegeben.<br \/>Der <strong>Wasserturm<\/strong> in der Mitte der Kapellbr\u00fccke ist Teil der historischen Stadtbefestigung von Luzern und gilt als ein Wahrzeichen der Stadt. Er steht auf der Liste der Kulturg\u00fcter in Luzern in der Kategorie A. Der 35 Meter hohe, achteckige und leicht schiefe Turm erg\u00e4nzt die Stadtbefestigung gegen den See hin.<br \/>Die <strong>Hofkirche St. Leodegar<\/strong> ist eines der Wahrzeichen der Stadt Luzern in der Schweiz. Die Hofkirche ist die Hauptkirche der r\u00f6misch-katholischen Pfarrei St. Leodegar im Hof, einer der acht katholischen Stadtpfarreien Luzerns und sie ist zugleich die Stiftskirche des Kollegiatstift St. Leodegar.<br \/>Das <strong>L\u00f6wendenkmal<\/strong> befindet sich im Zentrum Luzerns und\u00a0erinnert in der Allegorie eines sterbenden L\u00f6wen an die am 10.\u00a0August 1792 beim Tuileriensturm in Paris gefallenen Schweizergardisten. Es entstand auf Initiative des Gardeoffiziers Karl Pfyffer von Altishofen, zur Erinnerung an seine Kameraden.<br \/>Die <strong>Museggmauer<\/strong> mit den Museggt\u00fcrmen ist ein Wahrzeichen der Stadt Luzern und bestimmt zusammen mit Wasserturm und Kapellbr\u00fccke das historische Ortsbild der Stadt. Es handelt sich um einen Teil der Stadtbefestigung der Stadt Luzern.<br \/>Die\u00a0<strong>Spreuerbr\u00fccke<\/strong>\u00a0ist neben der\u00a0Kapellbr\u00fccke\u00a0und der im 19. Jahrhundert abgebrochenen\u00a0Hofbr\u00fccke\u00a0die dritte gedeckte Holzbr\u00fccke in der Stadt\u00a0Luzern.\u00a0<br \/>Von der Spreuerbr\u00fccke aus bietet sich ein faszinierender Anblick flussaufw\u00e4rts: das imposante <strong>Reusswehr<\/strong>, auch <strong>Nadelwehr<\/strong> genannt. Es wurde zwischen 1859 und 1861 erbaut und ist ein bedeutendes Denkmal der Technik- und Baugeschichte.<br \/>Noch heute wird der Wasserstand des Vierwaldst\u00e4ttersees von Hand durch Herausnehmen oder Einsetzen der sogenannten Nadeln (Holzbohlen) gesteuert. Dank dieser Regulierung kann der Wasserstand des Sees unabh\u00e4ngig vom Wetter auf einer optimalen H\u00f6he gehalten und so unter anderem \u00dcberschwemmungen verhindert werden.\u00a0<\/p>\t\t\t\t\t\t\t\t<\/div>\n\t\t\t\t<\/div>\n\t\t\t\t\t<\/div>\n\t\t<\/div>\n\t\t\t\t\t<\/div>\n\t\t<\/section>\n\t\t\t\t<section class=\"elementor-section elementor-top-section elementor-element elementor-element-2fd3ca3 elementor-section-boxed elementor-section-height-default elementor-section-height-default\" data-id=\"2fd3ca3\" data-element_type=\"section\">\n\t\t\t\t\t\t<div class=\"elementor-container elementor-column-gap-default\">\n\t\t\t\t\t<div class=\"elementor-column elementor-col-100 elementor-top-column elementor-element elementor-element-c45ffd3\" data-id=\"c45ffd3\" data-element_type=\"column\">\n\t\t\t<div class=\"elementor-widget-wrap elementor-element-populated\">\n\t\t\t\t\t\t<div class=\"elementor-element elementor-element-4e11af0 elementor-widget elementor-widget-video\" data-id=\"4e11af0\" data-element_type=\"widget\" data-settings=\"{&quot;youtube_url&quot;:&quot;https:\\\/\\\/youtu.be\\\/fhLhcg11074&quot;,&quot;video_type&quot;:&quot;youtube&quot;,&quot;controls&quot;:&quot;yes&quot;}\" data-widget_type=\"video.default\">\n\t\t\t\t<div class=\"elementor-widget-container\">\n\t\t\t\t\t\t\t<div class=\"elementor-wrapper elementor-open-inline\">\n\t\t\t<div class=\"elementor-video\"><\/div>\t\t<\/div>\n\t\t\t\t\t\t<\/div>\n\t\t\t\t<\/div>\n\t\t\t\t<div class=\"elementor-element elementor-element-158a46c elementor-widget-divider--view-line elementor-widget elementor-widget-divider\" data-id=\"158a46c\" data-element_type=\"widget\" data-widget_type=\"divider.default\">\n\t\t\t\t<div class=\"elementor-widget-container\">\n\t\t\t\t\t\t\t<div class=\"elementor-divider\">\n\t\t\t<span class=\"elementor-divider-separator\">\n\t\t\t\t\t\t<\/span>\n\t\t<\/div>\n\t\t\t\t\t\t<\/div>\n\t\t\t\t<\/div>\n\t\t\t\t\t<\/div>\n\t\t<\/div>\n\t\t\t\t\t<\/div>\n\t\t<\/section>\n\t\t\t\t<section class=\"elementor-section elementor-top-section elementor-element elementor-element-1f3a441 elementor-section-boxed elementor-section-height-default elementor-section-height-default\" data-id=\"1f3a441\" data-element_type=\"section\">\n\t\t\t\t\t\t<div class=\"elementor-container elementor-column-gap-default\">\n\t\t\t\t\t<div class=\"elementor-column elementor-col-100 elementor-top-column elementor-element elementor-element-6aca43f\" data-id=\"6aca43f\" data-element_type=\"column\">\n\t\t\t<div class=\"elementor-widget-wrap elementor-element-populated\">\n\t\t\t\t\t\t<div class=\"elementor-element elementor-element-fa7ec7d elementor-widget elementor-widget-text-editor\" data-id=\"fa7ec7d\" data-element_type=\"widget\" data-widget_type=\"text-editor.default\">\n\t\t\t\t<div class=\"elementor-widget-container\">\n\t\t\t\t\t\t\t\t\t<p>Der Vierwaldst\u00e4ttersee hat noch viel mehr zu bieten. <br \/>Wir sind sicher nicht das letzte Mal hier gewesen &#8211; wir kommen wieder. Bis bald.<\/p>\t\t\t\t\t\t\t\t<\/div>\n\t\t\t\t<\/div>\n\t\t\t\t\t<\/div>\n\t\t<\/div>\n\t\t\t\t\t<\/div>\n\t\t<\/section>\n\t\t\t\t<\/div>\n\t\t","protected":false},"excerpt":{"rendered":"<p>Einen Kurztrip in die Zentralschweiz. Die Innerschweiz, wie sie auch genannt wird, besteht nicht nur aus der Sage von Wilhelm Tell, dem Pilatus mit der steilsten Zahnradbahn der Welt und der Rigi, der K\u00f6nigin der Berge. An den Ufern l\u00e4sst es sich tagelang wandern und rundherum stehen viele Berge zur Eroberung bereit. Doch die Region&hellip; <br \/> <a class=\"read-more\" href=\"https:\/\/www.arcaro.ch\/?p=14584\">Weiterlesen<\/a><\/p>\n","protected":false},"author":2,"featured_media":14602,"comment_status":"open","ping_status":"closed","sticky":false,"template":"","format":"standard","meta":{"footnotes":""},"categories":[5,89,10],"tags":[13,94,93],"class_list":["post-14584","post","type-post","status-publish","format-standard","has-post-thumbnail","hentry","category-camping","category-kultur","category-zu-fuss","tag-camping","tag-luzern","tag-vierwaldstaettersee"],"_links":{"self":[{"href":"https:\/\/www.arcaro.ch\/index.php?rest_route=\/wp\/v2\/posts\/14584"}],"collection":[{"href":"https:\/\/www.arcaro.ch\/index.php?rest_route=\/wp\/v2\/posts"}],"about":[{"href":"https:\/\/www.arcaro.ch\/index.php?rest_route=\/wp\/v2\/types\/post"}],"author":[{"embeddable":true,"href":"https:\/\/www.arcaro.ch\/index.php?rest_route=\/wp\/v2\/users\/2"}],"replies":[{"embeddable":true,"href":"https:\/\/www.arcaro.ch\/index.php?rest_route=%2Fwp%2Fv2%2Fcomments&post=14584"}],"version-history":[{"count":100,"href":"https:\/\/www.arcaro.ch\/index.php?rest_route=\/wp\/v2\/posts\/14584\/revisions"}],"predecessor-version":[{"id":14706,"href":"https:\/\/www.arcaro.ch\/index.php?rest_route=\/wp\/v2\/posts\/14584\/revisions\/14706"}],"wp:featuredmedia":[{"embeddable":true,"href":"https:\/\/www.arcaro.ch\/index.php?rest_route=\/wp\/v2\/media\/14602"}],"wp:attachment":[{"href":"https:\/\/www.arcaro.ch\/index.php?rest_route=%2Fwp%2Fv2%2Fmedia&parent=14584"}],"wp:term":[{"taxonomy":"category","embeddable":true,"href":"https:\/\/www.arcaro.ch\/index.php?rest_route=%2Fwp%2Fv2%2Fcategories&post=14584"},{"taxonomy":"post_tag","embeddable":true,"href":"https:\/\/www.arcaro.ch\/index.php?rest_route=%2Fwp%2Fv2%2Ftags&post=14584"}],"curies":[{"name":"wp","href":"https:\/\/api.w.org\/{rel}","templated":true}]}}